{"id":29770,"date":"2026-04-28T04:14:57","date_gmt":"2026-04-28T04:14:57","guid":{"rendered":"https:\/\/eskigazeteci.com\/?p=29770"},"modified":"2026-04-28T04:14:57","modified_gmt":"2026-04-28T04:14:57","slug":"basak-otelde-olu-bulundu","status":"publish","type":"post","link":"https:\/\/eskigazeteci.com\/?p=29770","title":{"rendered":"Ba\u015fak otelde \u00f6l\u00fc bulundu"},"content":{"rendered":"<p>Almanya \u2019dan \u0130stanbul \u2019a 20 Nisan\u2019da tatil i\u00e7in gelen Ba\u015fak Schlosser (24) Fatih\u2019te bir otele yerle\u015fti. Schlosser\u2019den haber alamayan otel g\u00f6revlilerinin durumu bildirmesi \u00fczerine olay yerine polis ve sa\u011fl\u0131k ekipleri geldi. Odaya giren ekiplerin yapt\u0131\u011f\u0131 incelemede Schlosser\u2019in hayat\u0131n\u0131 kaybetti\u011fi belirlendi. Schlosser\u2019in cesedi incelemelerin ard\u0131ndan, kesin \u00f6l\u00fcm nedeninin belirlenmesi i\u00e7in Adli T\u0131p Kurumu morguna kald\u0131r\u0131ld\u0131.<\/p>\n<p>9 SAATL\u0130K G\u00d6R\u00dcNT\u00dc KAYIP<\/p>\n<p>Adli T\u0131p Kurumu taraf\u0131ndan haz\u0131rlanan \u00f6n otopsi raporunda Schlosser\u2019in v\u00fccudunda darp ve zorlanma izine rastlanmad\u0131\u011f\u0131 \u00f6\u011frenildi. Otelin g\u00fcvenlik kameras\u0131 kay\u0131tlar\u0131nda da yakla\u015f\u0131k 9 saatlik g\u00f6r\u00fcnt\u00fcn\u00fcn bulunmamas\u0131 \u00fczerine soru\u015fturma geni\u015fletildi.<\/p>\n<p>5 \u015e\u00dcPHEL\u0130 SERBEST BIRAKILDI<\/p>\n<p>G\u00f6zalt\u0131na al\u0131nan 5 \u015f\u00fcpheli, emniyetteki i\u015flemlerinin ard\u0131ndan Adli T\u0131p Kurumu\u2019na getirildi. Adli T\u0131p Kurumu\u2019ndaki i\u015flemlerinin ard\u0131ndan mahkemeye \u00e7\u0131kar\u0131lan \u015f\u00fcpheliler serbest b\u0131rak\u0131ld\u0131.<\/p>\n<p>\u00d6te yandan Ba\u015fak Schlosser\u2019\u0131n iddiaya g\u00f6re takip edildi\u011fi gerek\u00e7esiyle bir bakkala gidip yard\u0131m istedi\u011fi belirtildi. O anlar bakkal\u0131n g\u00fcvenlik kameras\u0131yla kaydedildi.<\/p>\n<p>T\u00fcrkiye g\u00fcndeminden son dakika haberleri, bug\u00fcn ya\u015fanan en son geli\u015fmeler, siyaset g\u00fcndeminden g\u00fcncel haberler ve&#8230;<\/p>\n","protected":false},"excerpt":{"rendered":"<p>Almanya\u2019dan T\u00fcrkiye\u2019ye tatil i\u00e7in gelen Ba\u015fak Schlosser Fatih\u2019te kald\u0131\u011f\u0131 otel odas\u0131nda \u00f6l\u00fc bulundu. Olaya ili\u015fkin g\u00f6zalt\u0131na al\u0131nan 5 \u015f\u00fcpheli, i\u015flemlerinin&#8230;<\/p>\n","protected":false},"author":2,"featured_media":29769,"comment_status":"open","ping_status":"open","sticky":false,"template":"","format":"standard","meta":{"footnotes":""},"categories":[8,6,5],"tags":[],"class_list":["post-29770","post","type-post","status-publish","format-standard","has-post-thumbnail","hentry","category-arsiv","category-gundem","category-son-dakika"],"_links":{"self":[{"href":"https:\/\/eskigazeteci.com\/index.php?rest_route=\/wp\/v2\/posts\/29770","targetHints":{"allow":["GET"]}}],"collection":[{"href":"https:\/\/eskigazeteci.com\/index.php?rest_route=\/wp\/v2\/posts"}],"about":[{"href":"https:\/\/eskigazeteci.com\/index.php?rest_route=\/wp\/v2\/types\/post"}],"author":[{"embeddable":true,"href":"https:\/\/eskigazeteci.com\/index.php?rest_route=\/wp\/v2\/users\/2"}],"replies":[{"embeddable":true,"href":"https:\/\/eskigazeteci.com\/index.php?rest_route=%2Fwp%2Fv2%2Fcomments&post=29770"}],"version-history":[{"count":0,"href":"https:\/\/eskigazeteci.com\/index.php?rest_route=\/wp\/v2\/posts\/29770\/revisions"}],"wp:featuredmedia":[{"embeddable":true,"href":"https:\/\/eskigazeteci.com\/index.php?rest_route=\/wp\/v2\/media\/29769"}],"wp:attachment":[{"href":"https:\/\/eskigazeteci.com\/index.php?rest_route=%2Fwp%2Fv2%2Fmedia&parent=29770"}],"wp:term":[{"taxonomy":"category","embeddable":true,"href":"https:\/\/eskigazeteci.com\/index.php?rest_route=%2Fwp%2Fv2%2Fcategories&post=29770"},{"taxonomy":"post_tag","embeddable":true,"href":"https:\/\/eskigazeteci.com\/index.php?rest_route=%2Fwp%2Fv2%2Ftags&post=29770"}],"curies":[{"name":"wp","href":"https:\/\/api.w.org\/{rel}","templated":true}]}}