{"id":29768,"date":"2026-04-28T04:13:24","date_gmt":"2026-04-28T04:13:24","guid":{"rendered":"https:\/\/eskigazeteci.com\/?p=29768"},"modified":"2026-04-28T04:13:24","modified_gmt":"2026-04-28T04:13:24","slug":"20-yillik-dosyayi-dipcikteki-dna-acti","status":"publish","type":"post","link":"https:\/\/eskigazeteci.com\/?p=29768","title":{"rendered":"20 y\u0131ll\u0131k dosyay\u0131 dip\u00e7ikteki DNA a\u00e7t\u0131"},"content":{"rendered":"<p>ESK\u0130\u015eEH\u0130R \u2019in Sivrihisar il\u00e7esinde oturan 1 \u00e7ocuk babas\u0131 Hamdi Karaku\u015f (62), 1 Nisan 2006 y\u0131l\u0131nda kayboldu. Kendisinden haber alamayan Karaku\u015f\u2019un ailesi, cinayet \u015f\u00fcphesiyle jandarmaya ihbarda bulundu. Ba\u015flat\u0131lan soru\u015fturmalar, Karaku\u015fun ak\u0131betinin belirlenememesi nedeniyle takipsizlik karar\u0131yla sonu\u00e7land\u0131. Karaku\u015f\u2019un dosyas\u0131, Sivrihisar Cumhuriyet Ba\u015fsavc\u0131l\u0131\u011f\u0131 koordinesinde, \u0130l Jandarma Komutanl\u0131\u011f\u0131\u2019na ba\u011fl\u0131 JASAT ekipleri taraf\u0131ndan y\u00fcr\u00fct\u00fclen \u00e7al\u0131\u015fmada yeniden ele al\u0131nd\u0131.<\/p>\n<p>JASAT b\u00fcnyesinde kurulan \u00f6zel ekip, 3 y\u0131l \u00f6nce dosyay\u0131 yeniden a\u00e7t\u0131. \u0130ncelemede, Karaku\u015f\u2019un kaybolmadan \u00f6nce has\u0131m oldu\u011fu ki\u015filerle ya\u015fad\u0131\u011f\u0131 darp olaylar\u0131 irdelendi. 2006&#x27;da husumetli ki\u015filerle olan kavga sonucu ele ge\u00e7irilen ve adli emanette bulunan bir t\u00fcfek dip\u00e7i\u011finde kay\u0131p Hamdi Karaku\u015f&#x27;un DNA\u2019s\u0131na rastland\u0131. Bunun \u00fczerine yo\u011funla\u015fan JASAT ekipleri, yeni deliller do\u011frultusunda 12 \u015f\u00fcpheliyi g\u00f6zalt\u0131na ald\u0131. Sa\u011fl\u0131k kontrol\u00fcnden ge\u00e7irilen \u015f\u00fcpheliler ifadeleri i\u00e7in Jandarma Komutanl\u0131\u011f\u0131\u2019na g\u00f6t\u00fcr\u00fcld\u00fc.<\/p>\n<p>\u2018B\u0130R MEZARI B\u0130LE YOK\u2019<\/p>\n<p>Hamdi Karaku\u015f \u2019un karde\u015fi Semra D\u00f6nmez, a\u011fabeyinin kaybolmadan \u00f6nce \u015f\u00fcpheliler taraf\u0131ndan ka\u00e7\u0131r\u0131ld\u0131\u011f\u0131n\u0131 \u00f6ne s\u00fcrd\u00fc. \u015e\u00fcphelilerin, 2005 y\u0131l\u0131nda a\u011fabeyini ka\u00e7\u0131rmak i\u00e7in kendilerini jandarma olarak&#8230;<\/p>\n","protected":false},"excerpt":{"rendered":"<p>2006 y\u0131l\u0131nda kaybolan Hamdi Karaku\u015f\u2019un kapat\u0131lan dosyas\u0131 yeniden a\u00e7\u0131ld\u0131. Adli emanetteki bir t\u00fcfek dip\u00e7i\u011finde Karaku\u015f\u2019un DNA\u2019s\u0131 tespit edilince, daha \u00f6nce&#8230;<\/p>\n","protected":false},"author":2,"featured_media":29767,"comment_status":"open","ping_status":"open","sticky":false,"template":"","format":"standard","meta":{"footnotes":""},"categories":[8,6,5],"tags":[],"class_list":["post-29768","post","type-post","status-publish","format-standard","has-post-thumbnail","hentry","category-arsiv","category-gundem","category-son-dakika"],"_links":{"self":[{"href":"https:\/\/eskigazeteci.com\/index.php?rest_route=\/wp\/v2\/posts\/29768","targetHints":{"allow":["GET"]}}],"collection":[{"href":"https:\/\/eskigazeteci.com\/index.php?rest_route=\/wp\/v2\/posts"}],"about":[{"href":"https:\/\/eskigazeteci.com\/index.php?rest_route=\/wp\/v2\/types\/post"}],"author":[{"embeddable":true,"href":"https:\/\/eskigazeteci.com\/index.php?rest_route=\/wp\/v2\/users\/2"}],"replies":[{"embeddable":true,"href":"https:\/\/eskigazeteci.com\/index.php?rest_route=%2Fwp%2Fv2%2Fcomments&post=29768"}],"version-history":[{"count":0,"href":"https:\/\/eskigazeteci.com\/index.php?rest_route=\/wp\/v2\/posts\/29768\/revisions"}],"wp:featuredmedia":[{"embeddable":true,"href":"https:\/\/eskigazeteci.com\/index.php?rest_route=\/wp\/v2\/media\/29767"}],"wp:attachment":[{"href":"https:\/\/eskigazeteci.com\/index.php?rest_route=%2Fwp%2Fv2%2Fmedia&parent=29768"}],"wp:term":[{"taxonomy":"category","embeddable":true,"href":"https:\/\/eskigazeteci.com\/index.php?rest_route=%2Fwp%2Fv2%2Fcategories&post=29768"},{"taxonomy":"post_tag","embeddable":true,"href":"https:\/\/eskigazeteci.com\/index.php?rest_route=%2Fwp%2Fv2%2Ftags&post=29768"}],"curies":[{"name":"wp","href":"https:\/\/api.w.org\/{rel}","templated":true}]}}