{"id":29766,"date":"2026-04-28T04:11:51","date_gmt":"2026-04-28T04:11:51","guid":{"rendered":"https:\/\/eskigazeteci.com\/?p=29766"},"modified":"2026-04-28T04:11:51","modified_gmt":"2026-04-28T04:11:51","slug":"the-asya-2026da-turkiye-ucuncu","status":"publish","type":"post","link":"https:\/\/eskigazeteci.com\/?p=29766","title":{"rendered":"THE ASYA 2026\u2019da T\u00fcrkiye \u00fc\u00e7\u00fcnc\u00fc"},"content":{"rendered":"<p>LONDRA merkezli uluslararas\u0131 y\u00fcksek\u00f6\u011fretim derecelendirme kurulu\u015fu Times Higher Education (THE), 2026 y\u0131l\u0131 Asya En \u0130yi \u00dcniversiteler S\u0131ralamas\u0131\u2019n\u0131 yay\u0131mlad\u0131. 36 \u00fclke ve b\u00f6lgeden toplam 929 \u00fcniversitenin ara\u015ft\u0131rma kalitesi, \u00f6\u011fretim ortam\u0131, bilgi aktar\u0131m\u0131 ve uluslararas\u0131 g\u00f6r\u00fcn\u00fcm ba\u015fl\u0131klar\u0131nda 18 farkl\u0131 g\u00f6stergeyle de\u011ferlendirildi\u011fi s\u0131ralamada T\u00fcrk \u00fcniversitelerinin performans\u0131 dikkat \u00e7ekti.<\/p>\n<p>\u0130LK 500\u2019DE 29 \u00dcN\u0130VERS\u0130TE<\/p>\n<p>&#8211; T\u00fcrkiye, 109 \u00fcniversite ile listede yer alarak Hindistan ve Japonya\u2019dan sonra en fazla \u00fcniversitesi bulunan \u00fc\u00e7\u00fcnc\u00fc \u00fclke olurken, 4 \u00fcniversite ilk 100\u2019e, 7 \u00fcniversite ilk 200\u2019e, 14 \u00fcniversite ise ilk 300\u2019e girme ba\u015far\u0131s\u0131 g\u00f6sterdi. \u0130lk 500\u2019deki \u00fcniversite say\u0131s\u0131 ise 29\u2019a ula\u015ft\u0131.<\/p>\n<p>&#8211; S\u0131ralamada ge\u00e7ti\u011fimiz y\u0131l 79\u2019uncu olan Ko\u00e7 \u00dcniversitesi 73\u2019\u00fcnc\u00fc s\u0131raya y\u00fckselerek T\u00fcrkiye\u2019nin en iyi derecesini ald\u0131. Ge\u00e7en y\u0131l\u0131n birincisi Orta Do\u011fu Teknik \u00dcniversitesi ise 72\u2019den 78\u2019e gerileyerek ikinci oldu. Di\u011fer yandan Sabanc\u0131 \u00dcniversitesi 74\u2019\u00fcnc\u00fc s\u0131radan 82\u2019ye gerilerken \u0130stanbul Teknik \u00dcniversitesi de 97\u2019nci s\u0131radaki yerini korudu ve ilk 100\u2019e giren 4 T\u00fcrk \u00fcniversitesinden biri oldu. m Ge\u00e7ti\u011fimiz y\u0131l 123\u2019\u00fcnc\u00fc olan Bo\u011fazi\u00e7i \u00dcniversitesi 102\u2019nci, 158\u2019ici olan Bilkent \u00dcniversitesi 137\u2019nci&#8230;<\/p>\n","protected":false},"excerpt":{"rendered":"<p>Y\u00fcksek\u00f6\u011fretim derecelendirme kurulu\u015fu Times Higher Education (THE) taraf\u0131ndan yay\u0131mlanan 2026 Asya s\u0131ralamas\u0131nda T\u00fcrkiye\u2019den ilk 100\u2019de 4, ilk 500\u2019de 29&#8230;<\/p>\n","protected":false},"author":2,"featured_media":29765,"comment_status":"open","ping_status":"open","sticky":false,"template":"","format":"standard","meta":{"footnotes":""},"categories":[8,6,5],"tags":[],"class_list":["post-29766","post","type-post","status-publish","format-standard","has-post-thumbnail","hentry","category-arsiv","category-gundem","category-son-dakika"],"_links":{"self":[{"href":"https:\/\/eskigazeteci.com\/index.php?rest_route=\/wp\/v2\/posts\/29766","targetHints":{"allow":["GET"]}}],"collection":[{"href":"https:\/\/eskigazeteci.com\/index.php?rest_route=\/wp\/v2\/posts"}],"about":[{"href":"https:\/\/eskigazeteci.com\/index.php?rest_route=\/wp\/v2\/types\/post"}],"author":[{"embeddable":true,"href":"https:\/\/eskigazeteci.com\/index.php?rest_route=\/wp\/v2\/users\/2"}],"replies":[{"embeddable":true,"href":"https:\/\/eskigazeteci.com\/index.php?rest_route=%2Fwp%2Fv2%2Fcomments&post=29766"}],"version-history":[{"count":0,"href":"https:\/\/eskigazeteci.com\/index.php?rest_route=\/wp\/v2\/posts\/29766\/revisions"}],"wp:featuredmedia":[{"embeddable":true,"href":"https:\/\/eskigazeteci.com\/index.php?rest_route=\/wp\/v2\/media\/29765"}],"wp:attachment":[{"href":"https:\/\/eskigazeteci.com\/index.php?rest_route=%2Fwp%2Fv2%2Fmedia&parent=29766"}],"wp:term":[{"taxonomy":"category","embeddable":true,"href":"https:\/\/eskigazeteci.com\/index.php?rest_route=%2Fwp%2Fv2%2Fcategories&post=29766"},{"taxonomy":"post_tag","embeddable":true,"href":"https:\/\/eskigazeteci.com\/index.php?rest_route=%2Fwp%2Fv2%2Ftags&post=29766"}],"curies":[{"name":"wp","href":"https:\/\/api.w.org\/{rel}","templated":true}]}}