{"id":29762,"date":"2026-04-28T04:08:46","date_gmt":"2026-04-28T04:08:46","guid":{"rendered":"https:\/\/eskigazeteci.com\/?p=29762"},"modified":"2026-04-28T04:08:46","modified_gmt":"2026-04-28T04:08:46","slug":"donemin-emniyet-muduru-tanik-sifatiyla-ifadeye-cagrildi","status":"publish","type":"post","link":"https:\/\/eskigazeteci.com\/?p=29762","title":{"rendered":"D\u00f6nemin emniyet m\u00fcd\u00fcr\u00fc \u2018tan\u0131k\u2019 s\u0131fat\u0131yla ifadeye \u00e7a\u011fr\u0131ld\u0131"},"content":{"rendered":"<p>Tunceli Cumhuriyet Ba\u015fsavc\u0131l\u0131\u011f\u0131, G\u00fclistan Doku soru\u015fturmas\u0131 kapsam\u0131nda d\u00f6nemin Tunceli Valisi Tuncay Sonel hakk\u0131nda i\u015flem yap\u0131lmak \u00fczere Erzurum Cumhuriyet Ba\u015fsavc\u0131l\u0131\u011f\u0131\u2019na yaz\u0131 yazm\u0131\u015ft\u0131. Ba\u015fsavc\u0131l\u0131\u011f\u0131n yaz\u0131s\u0131na istinaden soru\u015fturma ba\u015flatan Erzurum Cumhuriyet Ba\u015fsavc\u0131l\u0131\u011f\u0131\u2019n\u0131n talimat\u0131yla Sonel, 17 Nisan g\u00fcn\u00fc Elaz\u0131\u011f\u2019da g\u00f6zalt\u0131na al\u0131nd\u0131.<\/p>\n<p>VAL\u0130 4 SU\u00c7TAN TUTUKLANDI<\/p>\n<p>Emniyet M\u00fcd\u00fcrl\u00fc\u011f\u00fc taraf\u0131ndan olu\u015fturulan bir ekip, Sonel\u2019i Elaz\u0131\u011f\u2019dan alarak 18 Nisan g\u00fcn\u00fc sabah saatlerinde Erzurum\u2019a getirdi. Erzurum Emniyet M\u00fcd\u00fcrl\u00fc\u011f\u00fc\u2019nde sorguya al\u0131nan ve g\u00f6zalt\u0131 s\u00fcresi uzat\u0131lan Sonel, 21 Nisan g\u00fcn\u00fc \u00e7\u0131kar\u0131ld\u0131\u011f\u0131 adliyede \u2018su\u00e7 delillerini yok etme, gizleme veya de\u011fi\u015ftirme, bili\u015fim sistemindeki verileri engelleme, bozma, yok etme veya de\u011fi\u015ftirme, ki\u015fisel verileri hukuka ayk\u0131r\u0131 olarak verme veya ele ge\u00e7irme, resmi belgeyi bozmak, yok etmek veya gizlemek\u2019 su\u00e7lar\u0131ndan tutukland\u0131.<\/p>\n<p>4 SAAT \u0130FADE VERD\u0130<\/p>\n<p>Tutuklanan Sonel\u2019in ard\u0131ndan d\u00f6nemin Tunceli Emniyet M\u00fcd\u00fcr\u00fc olan ve halen Yalova Emniyet M\u00fcd\u00fcrl\u00fc\u011f\u00fc g\u00f6revini y\u00fcr\u00fcten Y\u0131lmaz Delen de ifadeye \u00e7a\u011fr\u0131ld\u0131.<\/p>\n<p>Sonel hakk\u0131nda y\u00fcr\u00fct\u00fclen soru\u015fturma kapsam\u0131nda bilgi sahibi oldu\u011fu de\u011ferlendirilen Delen, Erzurum\u2019a geldi ve adliyede Cumhuriyet Ba\u015fsavc\u0131l\u0131\u011f\u0131\u2019na 4 saat boyunca&#8230;<\/p>\n","protected":false},"excerpt":{"rendered":"<p>G\u00fclistan Doku dosyas\u0131nda tutuklanan eski vali Sonel hakk\u0131nda y\u00fcr\u00fct\u00fclen soru\u015fturma kapsam\u0131nda, d\u00f6nemin Tunceli Emniyet M\u00fcd\u00fcr\u00fc Y\u0131lmaz Delen, \u2018tan\u0131k\u2019 s\u0131fat\u0131yla&#8230;<\/p>\n","protected":false},"author":2,"featured_media":29761,"comment_status":"open","ping_status":"open","sticky":false,"template":"","format":"standard","meta":{"footnotes":""},"categories":[8,6,5],"tags":[],"class_list":["post-29762","post","type-post","status-publish","format-standard","has-post-thumbnail","hentry","category-arsiv","category-gundem","category-son-dakika"],"_links":{"self":[{"href":"https:\/\/eskigazeteci.com\/index.php?rest_route=\/wp\/v2\/posts\/29762","targetHints":{"allow":["GET"]}}],"collection":[{"href":"https:\/\/eskigazeteci.com\/index.php?rest_route=\/wp\/v2\/posts"}],"about":[{"href":"https:\/\/eskigazeteci.com\/index.php?rest_route=\/wp\/v2\/types\/post"}],"author":[{"embeddable":true,"href":"https:\/\/eskigazeteci.com\/index.php?rest_route=\/wp\/v2\/users\/2"}],"replies":[{"embeddable":true,"href":"https:\/\/eskigazeteci.com\/index.php?rest_route=%2Fwp%2Fv2%2Fcomments&post=29762"}],"version-history":[{"count":0,"href":"https:\/\/eskigazeteci.com\/index.php?rest_route=\/wp\/v2\/posts\/29762\/revisions"}],"wp:featuredmedia":[{"embeddable":true,"href":"https:\/\/eskigazeteci.com\/index.php?rest_route=\/wp\/v2\/media\/29761"}],"wp:attachment":[{"href":"https:\/\/eskigazeteci.com\/index.php?rest_route=%2Fwp%2Fv2%2Fmedia&parent=29762"}],"wp:term":[{"taxonomy":"category","embeddable":true,"href":"https:\/\/eskigazeteci.com\/index.php?rest_route=%2Fwp%2Fv2%2Fcategories&post=29762"},{"taxonomy":"post_tag","embeddable":true,"href":"https:\/\/eskigazeteci.com\/index.php?rest_route=%2Fwp%2Fv2%2Ftags&post=29762"}],"curies":[{"name":"wp","href":"https:\/\/api.w.org\/{rel}","templated":true}]}}