{"id":29758,"date":"2026-04-28T04:05:43","date_gmt":"2026-04-28T04:05:43","guid":{"rendered":"https:\/\/eskigazeteci.com\/?p=29758"},"modified":"2026-04-28T04:05:43","modified_gmt":"2026-04-28T04:05:43","slug":"chp-81-ilde-sahaya-iniyor","status":"publish","type":"post","link":"https:\/\/eskigazeteci.com\/?p=29758","title":{"rendered":"CHP 81 ilde sahaya iniyor"},"content":{"rendered":"<p>CHP S\u00f6zc\u00fcs\u00fc Zeynel Emre, \u201cCHP olarak sahaya iniyoruz. May\u0131s itibar\u0131yla 81 ilde saha \u00e7al\u0131\u015fmas\u0131 ba\u015flayacak.\u201d dedi. Ayr\u0131ca, \u201cT\u00fcm muhalefet partilerinin organizasyonlarda bir araya gelmesi ve a\u00e7\u0131klama yapmas\u0131 \u00f6nemli\u201d diyen Emre \u015f\u00f6yle devam etti:<\/p>\n","protected":false},"excerpt":{"rendered":"<p>Partisinin yeni yol haritas\u0131n\u0131 belirlemek i\u00e7in kollar\u0131 s\u0131vayan CHP lideri \u00f6zel d\u00fcn Parti Meclisi ve Merkez Y\u00f6netim Kurulu toplant\u0131s\u0131na kat\u0131ld\u0131.<\/p>\n","protected":false},"author":2,"featured_media":29757,"comment_status":"open","ping_status":"open","sticky":false,"template":"","format":"standard","meta":{"footnotes":""},"categories":[8,6,5],"tags":[],"class_list":["post-29758","post","type-post","status-publish","format-standard","has-post-thumbnail","hentry","category-arsiv","category-gundem","category-son-dakika"],"_links":{"self":[{"href":"https:\/\/eskigazeteci.com\/index.php?rest_route=\/wp\/v2\/posts\/29758","targetHints":{"allow":["GET"]}}],"collection":[{"href":"https:\/\/eskigazeteci.com\/index.php?rest_route=\/wp\/v2\/posts"}],"about":[{"href":"https:\/\/eskigazeteci.com\/index.php?rest_route=\/wp\/v2\/types\/post"}],"author":[{"embeddable":true,"href":"https:\/\/eskigazeteci.com\/index.php?rest_route=\/wp\/v2\/users\/2"}],"replies":[{"embeddable":true,"href":"https:\/\/eskigazeteci.com\/index.php?rest_route=%2Fwp%2Fv2%2Fcomments&post=29758"}],"version-history":[{"count":0,"href":"https:\/\/eskigazeteci.com\/index.php?rest_route=\/wp\/v2\/posts\/29758\/revisions"}],"wp:featuredmedia":[{"embeddable":true,"href":"https:\/\/eskigazeteci.com\/index.php?rest_route=\/wp\/v2\/media\/29757"}],"wp:attachment":[{"href":"https:\/\/eskigazeteci.com\/index.php?rest_route=%2Fwp%2Fv2%2Fmedia&parent=29758"}],"wp:term":[{"taxonomy":"category","embeddable":true,"href":"https:\/\/eskigazeteci.com\/index.php?rest_route=%2Fwp%2Fv2%2Fcategories&post=29758"},{"taxonomy":"post_tag","embeddable":true,"href":"https:\/\/eskigazeteci.com\/index.php?rest_route=%2Fwp%2Fv2%2Ftags&post=29758"}],"curies":[{"name":"wp","href":"https:\/\/api.w.org\/{rel}","templated":true}]}}