{"id":29756,"date":"2026-04-28T04:04:26","date_gmt":"2026-04-28T04:04:26","guid":{"rendered":"https:\/\/eskigazeteci.com\/?p=29756"},"modified":"2026-04-28T04:04:26","modified_gmt":"2026-04-28T04:04:26","slug":"ibb-davasi-27nci-gununde-savunma-polemigi","status":"publish","type":"post","link":"https:\/\/eskigazeteci.com\/?p=29756","title":{"rendered":"\u0130BB davas\u0131 27&#8217;nci g\u00fcn\u00fcnde savunma polemi\u011fi"},"content":{"rendered":"<p>Mahkeme Ba\u015fkan\u0131 sel\u00e7uk aylan, savunmalara y\u00f6nelik k\u0131s\u0131tlama getirmedi\u011fini ve dosya \u00fczerinden karar verme yetkilerinin oldu\u011funu s\u00f6yledi.<\/p>\n","protected":false},"excerpt":{"rendered":"<p>Avukatlar talep ettiler.<\/p>\n","protected":false},"author":2,"featured_media":29755,"comment_status":"open","ping_status":"open","sticky":false,"template":"","format":"standard","meta":{"footnotes":""},"categories":[8,6,5],"tags":[],"class_list":["post-29756","post","type-post","status-publish","format-standard","has-post-thumbnail","hentry","category-arsiv","category-gundem","category-son-dakika"],"_links":{"self":[{"href":"https:\/\/eskigazeteci.com\/index.php?rest_route=\/wp\/v2\/posts\/29756","targetHints":{"allow":["GET"]}}],"collection":[{"href":"https:\/\/eskigazeteci.com\/index.php?rest_route=\/wp\/v2\/posts"}],"about":[{"href":"https:\/\/eskigazeteci.com\/index.php?rest_route=\/wp\/v2\/types\/post"}],"author":[{"embeddable":true,"href":"https:\/\/eskigazeteci.com\/index.php?rest_route=\/wp\/v2\/users\/2"}],"replies":[{"embeddable":true,"href":"https:\/\/eskigazeteci.com\/index.php?rest_route=%2Fwp%2Fv2%2Fcomments&post=29756"}],"version-history":[{"count":0,"href":"https:\/\/eskigazeteci.com\/index.php?rest_route=\/wp\/v2\/posts\/29756\/revisions"}],"wp:featuredmedia":[{"embeddable":true,"href":"https:\/\/eskigazeteci.com\/index.php?rest_route=\/wp\/v2\/media\/29755"}],"wp:attachment":[{"href":"https:\/\/eskigazeteci.com\/index.php?rest_route=%2Fwp%2Fv2%2Fmedia&parent=29756"}],"wp:term":[{"taxonomy":"category","embeddable":true,"href":"https:\/\/eskigazeteci.com\/index.php?rest_route=%2Fwp%2Fv2%2Fcategories&post=29756"},{"taxonomy":"post_tag","embeddable":true,"href":"https:\/\/eskigazeteci.com\/index.php?rest_route=%2Fwp%2Fv2%2Ftags&post=29756"}],"curies":[{"name":"wp","href":"https:\/\/api.w.org\/{rel}","templated":true}]}}