{"id":29754,"date":"2026-04-28T04:03:28","date_gmt":"2026-04-28T04:03:28","guid":{"rendered":"https:\/\/eskigazeteci.com\/?p=29754"},"modified":"2026-04-28T04:03:28","modified_gmt":"2026-04-28T04:03:28","slug":"yumakli-ve-ciftciden-orman-yangini-zirvesi-28-ucak-119-helikopter-14-iha","status":"publish","type":"post","link":"https:\/\/eskigazeteci.com\/?p=29754","title":{"rendered":"Yumakl\u0131 ve \u00c7ift\u00e7i\u2019den orman yang\u0131n\u0131 zirvesi! 28 u\u00e7ak 119 helikopter 14 \u0130HA"},"content":{"rendered":"<p>Tar\u0131m ve Orman Bakan\u0131 \u0130brahim Yumakl\u0131 ile \u0130\u00e7i\u015fleri Bakan\u0131 Mustafa \u00c7ift\u00e7i, orman yang\u0131nlar\u0131na ili\u015fkin riskli g\u00f6r\u00fclen 30 ilin valisiyle, Orman Genel M\u00fcd\u00fcrl\u00fc\u011f\u00fc Yang\u0131n Y\u00f6netim Merkezi&#x27;nde bir araya geldi. Bakan Yumakl\u0131, iklim de\u011fi\u015fikli\u011finin etkisiyle artan s\u0131cakl\u0131klar, kurakl\u0131k ve a\u015f\u0131r\u0131 hava olaylar\u0131 nedeniyle yang\u0131n riskinin her ge\u00e7en y\u0131l artt\u0131\u011f\u0131n\u0131 belirterek \u015funlar\u0131 ifade etti:<\/p>\n<p>\u201c\u00d6n\u00fcm\u00fczdeki g\u00fcnlerde 81 ilde &#x27;Orman Benim&#x27; kampanyas\u0131 d\u00fczenleyece\u011fiz. 7\u2019den 70\u2019e her kesimden b\u00fct\u00fcn vatanda\u015flar\u0131m\u0131z\u0131 bu seferberli\u011fe kataca\u011f\u0131z. Ayr\u0131ca ge\u00e7ti\u011fimiz y\u0131l yanan yerlerin a\u011fa\u00e7land\u0131rmas\u0131n\u0131 bu y\u0131l bitirece\u011fiz. Bundan \u00f6nce oldu\u011fu gibi bundan sonra da yanan alanlar imara a\u00e7\u0131lmayacak, yeniden a\u011fa\u00e7land\u0131r\u0131lacak.<\/p>\n<p>Bu y\u0131l orman yang\u0131nlar\u0131yla m\u00fccadelede 28 u\u00e7ak, 119 helikopter ve 14 \u0130HA g\u00f6rev yapacak. Say\u0131s\u0131 15 adet artan hava ara\u00e7lar\u0131m\u0131zla birlikte havadan m\u00fcdahale kapasitemizi 462 tona ula\u015ft\u0131rm\u0131\u015f oluyoruz. Kara g\u00fcc\u00fcm\u00fczde ise bin 953 araz\u00f6z, 2 bin 766 ilk m\u00fcdahale arac\u0131 ve 878 i\u015f makinesi sahada olacak. Orman kahramanlar\u0131m\u0131z\u0131n say\u0131s\u0131n\u0131 da 25 binden 28 bine \u00e7\u0131kard\u0131k. Say\u0131s\u0131 138 bini a\u015fan g\u00f6n\u00fcll\u00fcm\u00fcz de en b\u00fcy\u00fck destek\u00e7imiz.\u201d<\/p>\n<p>15 M\u0130LYON HEKTAR HASSAS<\/p>\n<p>\u0130\u00e7i\u015fleri Bakan\u0131 Mustafa \u00c7ift\u00e7i de \u00fclkenin orman varl\u0131\u011f\u0131n\u0131n&#8230;<\/p>\n","protected":false},"excerpt":{"rendered":"<p>Bu y\u0131l orman yang\u0131nlar\u0131yla m\u00fccadelede 28 u\u00e7ak, 119 helikopter ve 14 \u0130HA g\u00f6rev yapacak. Karada ise 1953 araz\u00f6z, 2 bin 766 ilk m\u00fcdahale arac\u0131 ve 878 i\u015f&#8230;<\/p>\n","protected":false},"author":2,"featured_media":29753,"comment_status":"open","ping_status":"open","sticky":false,"template":"","format":"standard","meta":{"footnotes":""},"categories":[8,6,5],"tags":[],"class_list":["post-29754","post","type-post","status-publish","format-standard","has-post-thumbnail","hentry","category-arsiv","category-gundem","category-son-dakika"],"_links":{"self":[{"href":"https:\/\/eskigazeteci.com\/index.php?rest_route=\/wp\/v2\/posts\/29754","targetHints":{"allow":["GET"]}}],"collection":[{"href":"https:\/\/eskigazeteci.com\/index.php?rest_route=\/wp\/v2\/posts"}],"about":[{"href":"https:\/\/eskigazeteci.com\/index.php?rest_route=\/wp\/v2\/types\/post"}],"author":[{"embeddable":true,"href":"https:\/\/eskigazeteci.com\/index.php?rest_route=\/wp\/v2\/users\/2"}],"replies":[{"embeddable":true,"href":"https:\/\/eskigazeteci.com\/index.php?rest_route=%2Fwp%2Fv2%2Fcomments&post=29754"}],"version-history":[{"count":0,"href":"https:\/\/eskigazeteci.com\/index.php?rest_route=\/wp\/v2\/posts\/29754\/revisions"}],"wp:featuredmedia":[{"embeddable":true,"href":"https:\/\/eskigazeteci.com\/index.php?rest_route=\/wp\/v2\/media\/29753"}],"wp:attachment":[{"href":"https:\/\/eskigazeteci.com\/index.php?rest_route=%2Fwp%2Fv2%2Fmedia&parent=29754"}],"wp:term":[{"taxonomy":"category","embeddable":true,"href":"https:\/\/eskigazeteci.com\/index.php?rest_route=%2Fwp%2Fv2%2Fcategories&post=29754"},{"taxonomy":"post_tag","embeddable":true,"href":"https:\/\/eskigazeteci.com\/index.php?rest_route=%2Fwp%2Fv2%2Ftags&post=29754"}],"curies":[{"name":"wp","href":"https:\/\/api.w.org\/{rel}","templated":true}]}}