{"id":29752,"date":"2026-04-28T03:33:28","date_gmt":"2026-04-28T03:33:28","guid":{"rendered":"https:\/\/eskigazeteci.com\/?p=29752"},"modified":"2026-04-28T03:33:28","modified_gmt":"2026-04-28T03:33:28","slug":"once-agri-sonra-bingol-mus-ve-malatya-gozler-o-fayda-buyuk-bir-depremin-habercisi-hangi-sehirler-etkilenebilir","status":"publish","type":"post","link":"https:\/\/eskigazeteci.com\/?p=29752","title":{"rendered":"\u00d6nce A\u011fr\u0131 sonra Bing\u00f6l, Mu\u015f ve Malatya\u2026 G\u00f6zler o fayda: \u2018B\u00fcy\u00fck bir depremin habercisi!\u2019 Hangi \u015fehirler etkilenebilir?"},"content":{"rendered":"<p>Do\u011fu Anadolu\u2019da k\u0131sa aral\u0131klarla meydana gelen depremler, b\u00f6lgede artan sismik hareketlili\u011fe ili\u015fkin endi\u015feleri yeniden g\u00fcndeme ta\u015f\u0131d\u0131. 26 Nisan saat 08.00\u2019de Bing\u00f6l\u2019\u00fcn Yedisu il\u00e7esinde 4.4 b\u00fcy\u00fckl\u00fc\u011f\u00fcnde deprem kaydedildi. Ayn\u0131 g\u00fcn saat 19.48\u2019de Mu\u015f \u2019un Bulan\u0131k il\u00e7esinde 4.1 b\u00fcy\u00fckl\u00fc\u011f\u00fcnde bir sars\u0131nt\u0131 daha ya\u015fand\u0131. D\u00fcn ise Malatya\u2019n\u0131n Battalgazi il\u00e7esinde saat 15.41\u2019de pe\u015f pe\u015fe 3.9 ve 4.4 b\u00fcy\u00fckl\u00fc\u011f\u00fcnde depremler meydana geldi. Son iki g\u00fcn i\u00e7inde ya\u015fanan bu d\u00f6rt deprem, \u201cDo\u011fu Anadolu\u2019da neler oluyor?\u201d sorusunu beraberinde getirdi. \u00d6te yandan, 22 Nisan\u2019da A\u011fr\u0131\u2019n\u0131n Patnos il\u00e7esinde de 4.3 b\u00fcy\u00fckl\u00fc\u011f\u00fcnde bir deprem kaydedilmi\u015fti. \u2018B\u00d6LGE UZUN S\u00dcRED\u0130R HAREKETL\u0130 AMA\u2026\u2019 Prof. Dr. S\u00fcleyman Pampal, Do\u011fu Anadolu\u2019daki sismik hareketlili\u011fe ili\u015fkin dikkat \u00e7eken de\u011ferlendirmelerde bulundu. B\u00f6lgenin uzun s\u00fcredir hareketli oldu\u011funa i\u015faret eden Prof. Dr. Pampal, k\u0131r\u0131lma s\u00fcrecinin asl\u0131nda 2020 y\u0131l\u0131nda ba\u015flad\u0131\u011f\u0131n\u0131 hat\u0131rlatt\u0131. 2020\u2019de Sivrice ile P\u00fct\u00fcrge aras\u0131nda meydana gelen 6,5 b\u00fcy\u00fckl\u00fc\u011f\u00fcndeki depremin, Do\u011fu Anadolu Fay Zonu \u00fczerinde \u00f6nemli bir k\u0131r\u0131lma yaratt\u0131\u011f\u0131n\u0131 belirten Prof. Dr. Pampal, s\u00f6z konusu depremin Elaz\u0131\u011f\u2019da ciddi \u015fekilde hissedildi\u011fini ve o d\u00f6nem bu sars\u0131nt\u0131n\u0131n ard\u0131ndan enerjinin g\u00fcneye do\u011fru&#8230;<\/p>\n","protected":false},"excerpt":{"rendered":"<p>Do\u011fu Anadolu\u2019da pe\u015f pe\u015fe ya\u015fanan depremler, b\u00f6lgede dikkat \u00e7eken bir hareketlili\u011fi yeniden g\u00fcndeme ta\u015f\u0131d\u0131. K\u0131sa s\u00fcre i\u00e7inde farkl\u0131 illerde meydana gelen&#8230;<\/p>\n","protected":false},"author":2,"featured_media":29751,"comment_status":"open","ping_status":"open","sticky":false,"template":"","format":"standard","meta":{"footnotes":""},"categories":[8,6,5],"tags":[],"class_list":["post-29752","post","type-post","status-publish","format-standard","has-post-thumbnail","hentry","category-arsiv","category-gundem","category-son-dakika"],"_links":{"self":[{"href":"https:\/\/eskigazeteci.com\/index.php?rest_route=\/wp\/v2\/posts\/29752","targetHints":{"allow":["GET"]}}],"collection":[{"href":"https:\/\/eskigazeteci.com\/index.php?rest_route=\/wp\/v2\/posts"}],"about":[{"href":"https:\/\/eskigazeteci.com\/index.php?rest_route=\/wp\/v2\/types\/post"}],"author":[{"embeddable":true,"href":"https:\/\/eskigazeteci.com\/index.php?rest_route=\/wp\/v2\/users\/2"}],"replies":[{"embeddable":true,"href":"https:\/\/eskigazeteci.com\/index.php?rest_route=%2Fwp%2Fv2%2Fcomments&post=29752"}],"version-history":[{"count":0,"href":"https:\/\/eskigazeteci.com\/index.php?rest_route=\/wp\/v2\/posts\/29752\/revisions"}],"wp:featuredmedia":[{"embeddable":true,"href":"https:\/\/eskigazeteci.com\/index.php?rest_route=\/wp\/v2\/media\/29751"}],"wp:attachment":[{"href":"https:\/\/eskigazeteci.com\/index.php?rest_route=%2Fwp%2Fv2%2Fmedia&parent=29752"}],"wp:term":[{"taxonomy":"category","embeddable":true,"href":"https:\/\/eskigazeteci.com\/index.php?rest_route=%2Fwp%2Fv2%2Fcategories&post=29752"},{"taxonomy":"post_tag","embeddable":true,"href":"https:\/\/eskigazeteci.com\/index.php?rest_route=%2Fwp%2Fv2%2Ftags&post=29752"}],"curies":[{"name":"wp","href":"https:\/\/api.w.org\/{rel}","templated":true}]}}