{"id":29742,"date":"2026-04-27T22:33:22","date_gmt":"2026-04-27T22:33:22","guid":{"rendered":"https:\/\/eskigazeteci.com\/?p=29742"},"modified":"2026-04-27T22:33:22","modified_gmt":"2026-04-27T22:33:22","slug":"resmi-gazete-kararlari-28-nisan-2026","status":"publish","type":"post","link":"https:\/\/eskigazeteci.com\/?p=29742","title":{"rendered":"Resmi Gazete kararlar\u0131 (28 Nisan 2026)"},"content":{"rendered":"<p>28 Nisan 2026 tarihli ve 33237 say\u0131l\u0131 Resm\u00ee Gazete kararlar\u0131 ve atamalar\u0131 yay\u0131mland\u0131. Buna g\u00f6re Subay ve Astsubay Atama Y\u00f6netmeli\u011finde De\u011fi\u015fiklik Yap\u0131lmas\u0131na Dair Y\u00f6netmelik, Geleneksel ve Tamamlay\u0131c\u0131 T\u0131p Uygulamalar\u0131 Y\u00f6netmeli\u011fi, Asma Fidan\u0131 ve \u00dcretim Materyali Sertifikasyonu ile Pazarlamas\u0131 Y\u00f6netmeli\u011fi, Meyve Fidan\u0131 ve \u00dcretim Materyali Sertifikasyonu ile Pazarlamas\u0131 Y\u00f6netmeli\u011fi yer ald\u0131. \u0130\u015fte, 28 Nisan Resmi Gazete kararlar\u0131.<\/p>\n<p>Y\u00dcR\u00dcTME VE \u0130DARE B\u00d6L\u00dcM\u00dc Y\u00d6NETMEL\u0130KLER \u2013\u2013 Subay ve Astsubay Atama Y\u00f6netmeli\u011finde De\u011fi\u015fiklik Yap\u0131lmas\u0131na Dair Y\u00f6netmelik \u2013\u2013 Geleneksel ve Tamamlay\u0131c\u0131 T\u0131p Uygulamalar\u0131 Y\u00f6netmeli\u011fi \u2013\u2013 Asma Fidan\u0131 ve \u00dcretim Materyali Sertifikasyonu ile Pazarlamas\u0131 Y\u00f6netmeli\u011fi \u2013\u2013 Meyve Fidan\u0131 ve \u00dcretim Materyali Sertifikasyonu ile Pazarlamas\u0131 Y\u00f6netmeli\u011fi<\/p>\n<p>TEBL\u0130\u011eLER \u2013\u2013 \u00d6zelle\u015ftirme \u0130daresi Ba\u015fkanl\u0131\u011f\u0131n\u0131n 24\/04\/2026 Tarihli ve 2026\/\u00d6\u0130B-K-10, 11, 12, 13, 14, 15 ve 16 Say\u0131l\u0131 Kararlar\u0131 \u0130L\u00c2N B\u00d6L\u00dcM\u00dc a &#8211; Yarg\u0131 \u0130l\u00e2nlar\u0131 b &#8211; Art\u0131rma, Eksiltme ve \u0130hale \u0130l\u00e2nlar\u0131 c &#8211; \u00c7e\u015fitli \u0130l\u00e2nlar \u2013 T.C. Merkez Bankas\u0131nca Belirlenen D\u00f6viz Kurlar\u0131 ve Devlet \u0130\u00e7 Bor\u00e7lanma Senetlerinin G\u00fcnl\u00fck De\u011ferleri<\/p>\n<p>T\u00fcrkiye&#x27;den ve D\u00fcnya\u2019dan son dakika haberleri, k\u00f6\u015fe yaz\u0131lar\u0131, magazinden siyasete, spordan seyahate b\u00fct\u00fcn&#8230;<\/p>\n","protected":false},"excerpt":{"rendered":"<p>Bug\u00fcn Resmi Gazete kararlar\u0131 belli oldu. Cumhurba\u015fkanl\u0131\u011f\u0131 Kararnameleri, atama kararlar\u0131 ve yeni y\u00f6netmeliklerin de yer ald\u0131\u011f\u0131 28 Nisan tarihli ve 33237&#8230;<\/p>\n","protected":false},"author":2,"featured_media":29741,"comment_status":"open","ping_status":"open","sticky":false,"template":"","format":"standard","meta":{"footnotes":""},"categories":[6,5],"tags":[],"class_list":["post-29742","post","type-post","status-publish","format-standard","has-post-thumbnail","hentry","category-gundem","category-son-dakika"],"_links":{"self":[{"href":"https:\/\/eskigazeteci.com\/index.php?rest_route=\/wp\/v2\/posts\/29742","targetHints":{"allow":["GET"]}}],"collection":[{"href":"https:\/\/eskigazeteci.com\/index.php?rest_route=\/wp\/v2\/posts"}],"about":[{"href":"https:\/\/eskigazeteci.com\/index.php?rest_route=\/wp\/v2\/types\/post"}],"author":[{"embeddable":true,"href":"https:\/\/eskigazeteci.com\/index.php?rest_route=\/wp\/v2\/users\/2"}],"replies":[{"embeddable":true,"href":"https:\/\/eskigazeteci.com\/index.php?rest_route=%2Fwp%2Fv2%2Fcomments&post=29742"}],"version-history":[{"count":0,"href":"https:\/\/eskigazeteci.com\/index.php?rest_route=\/wp\/v2\/posts\/29742\/revisions"}],"wp:featuredmedia":[{"embeddable":true,"href":"https:\/\/eskigazeteci.com\/index.php?rest_route=\/wp\/v2\/media\/29741"}],"wp:attachment":[{"href":"https:\/\/eskigazeteci.com\/index.php?rest_route=%2Fwp%2Fv2%2Fmedia&parent=29742"}],"wp:term":[{"taxonomy":"category","embeddable":true,"href":"https:\/\/eskigazeteci.com\/index.php?rest_route=%2Fwp%2Fv2%2Fcategories&post=29742"},{"taxonomy":"post_tag","embeddable":true,"href":"https:\/\/eskigazeteci.com\/index.php?rest_route=%2Fwp%2Fv2%2Ftags&post=29742"}],"curies":[{"name":"wp","href":"https:\/\/api.w.org\/{rel}","templated":true}]}}