{"id":29732,"date":"2026-04-27T20:19:16","date_gmt":"2026-04-27T20:19:16","guid":{"rendered":"https:\/\/eskigazeteci.com\/?p=29732"},"modified":"2026-04-27T20:19:16","modified_gmt":"2026-04-27T20:19:16","slug":"artvinde-hafif-ticari-arac-ile-kamyonet-carpisti-7-yarali","status":"publish","type":"post","link":"https:\/\/eskigazeteci.com\/?p=29732","title":{"rendered":"Artvin\u2019de hafif ticari ara\u00e7 ile kamyonet \u00e7arp\u0131\u015ft\u0131: 7 yaral\u0131"},"content":{"rendered":"<p>Kaza ak\u015fam saatlerinde Artvin &#8211; Erzurum kara yolunun 7\u2019nci kilometresinde ger\u00e7ekle\u015fti. T\u00fcnelde seyreden Mehmet \u015eahin idaresindeki 08 DE 524 plakal\u0131 kamyonet ile kar\u015f\u0131 y\u00f6nden gelen Ali Fuat Beyaz\u2019\u0131n kulland\u0131\u011f\u0131 08 ABB 956 plakal\u0131 hafif ticari ara\u00e7 kafa kafaya \u00e7arp\u0131\u015ft\u0131. Kazada, otomobil s\u00fcr\u00fcc\u00fcs\u00fc \u015eahin ile ara\u00e7ta bulunan yolcular Orhan B., \u015eenol A. ve Murat \u00d6., di\u011fer ara\u00e7ta da s\u00fcr\u00fcc\u00fc ile yolcular Do\u011fan \u00dc. ve Se\u00e7kin \u00d6., yaraland\u0131.<\/p>\n<p>Yaral\u0131lar, ihbar \u00fczerine kaza yerine sevk edilen sa\u011fl\u0131k ekiplerinin ilk m\u00fcdahalesinin ard\u0131ndan Artvin Devlet Hastanesi\u2019ne kald\u0131r\u0131larak, tedavi alt\u0131na al\u0131nd\u0131. Yaral\u0131lar\u0131n hayati tehlikelerinin bulunmad\u0131\u011f\u0131 belirtildi.<\/p>\n<p>Kazayla ilgili inceleme ba\u015flat\u0131ld\u0131.<\/p>\n<p>T\u00fcrkiye g\u00fcndeminden son dakika haberleri, bug\u00fcn ya\u015fanan en son geli\u015fmeler, siyaset g\u00fcndeminden g\u00fcncel haberler ve b\u00fct\u00fcn son dakika haberleri i\u00e7in H\u00fcrriyet&#x27;in internet haber sitesi hurriyet.com.tr; Hurriyet.com.tr haber i\u00e7erikleri kaynak g\u00f6sterilmeden al\u0131nt\u0131 yap\u0131lamaz, Kanuna ayk\u0131r\u0131 ve izinsiz olarak kopyalanamaz, ba\u015fka yerde yay\u0131nlanamaz.<\/p>\n","protected":false},"excerpt":{"rendered":"<p>Artvin\u2019de t\u00fcnelde hafif ticari ara\u00e7 ile kamyonetin kafa kafaya \u00e7arp\u0131\u015ft\u0131\u011f\u0131 kazada 7 ki\u015fi, yaraland\u0131.<\/p>\n","protected":false},"author":2,"featured_media":29731,"comment_status":"open","ping_status":"open","sticky":false,"template":"","format":"standard","meta":{"footnotes":""},"categories":[6,5],"tags":[],"class_list":["post-29732","post","type-post","status-publish","format-standard","has-post-thumbnail","hentry","category-gundem","category-son-dakika"],"_links":{"self":[{"href":"https:\/\/eskigazeteci.com\/index.php?rest_route=\/wp\/v2\/posts\/29732","targetHints":{"allow":["GET"]}}],"collection":[{"href":"https:\/\/eskigazeteci.com\/index.php?rest_route=\/wp\/v2\/posts"}],"about":[{"href":"https:\/\/eskigazeteci.com\/index.php?rest_route=\/wp\/v2\/types\/post"}],"author":[{"embeddable":true,"href":"https:\/\/eskigazeteci.com\/index.php?rest_route=\/wp\/v2\/users\/2"}],"replies":[{"embeddable":true,"href":"https:\/\/eskigazeteci.com\/index.php?rest_route=%2Fwp%2Fv2%2Fcomments&post=29732"}],"version-history":[{"count":0,"href":"https:\/\/eskigazeteci.com\/index.php?rest_route=\/wp\/v2\/posts\/29732\/revisions"}],"wp:featuredmedia":[{"embeddable":true,"href":"https:\/\/eskigazeteci.com\/index.php?rest_route=\/wp\/v2\/media\/29731"}],"wp:attachment":[{"href":"https:\/\/eskigazeteci.com\/index.php?rest_route=%2Fwp%2Fv2%2Fmedia&parent=29732"}],"wp:term":[{"taxonomy":"category","embeddable":true,"href":"https:\/\/eskigazeteci.com\/index.php?rest_route=%2Fwp%2Fv2%2Fcategories&post=29732"},{"taxonomy":"post_tag","embeddable":true,"href":"https:\/\/eskigazeteci.com\/index.php?rest_route=%2Fwp%2Fv2%2Ftags&post=29732"}],"curies":[{"name":"wp","href":"https:\/\/api.w.org\/{rel}","templated":true}]}}