{"id":29704,"date":"2026-04-27T19:03:07","date_gmt":"2026-04-27T19:03:07","guid":{"rendered":"https:\/\/eskigazeteci.com\/?p=29704"},"modified":"2026-04-27T19:03:07","modified_gmt":"2026-04-27T19:03:07","slug":"besiktas-0-2","status":"publish","type":"post","link":"https:\/\/eskigazeteci.com\/?p=29704","title":{"rendered":"Be\u015fikta\u015f 0"},"content":{"rendered":"<p>Be\u015fikta\u015f ile Fatih Karag\u00fcmr\u00fck, S\u00fcper Lig&#x27;in 31. haftas\u0131nda kozlar\u0131n\u0131 payla\u015ft\u0131.<\/p>\n<p>T\u00fcpra\u015f Stadyumu&#x27;nda oynanan m\u00fccadele 0-0&#x27;l\u0131k e\u015fitlikle sona erdi.<\/p>\n<p>Kar\u015f\u0131la\u015fman\u0131n ilk yar\u0131s\u0131nda Fatih Karag\u00fcmr\u00fck dire\u011fe tak\u0131l\u0131rken Be\u015fikta\u015f da ikinci devrede net pozisyonlardan yararlanamad\u0131.<\/p>\n<p>Bu sonu\u00e7la birlikte Be\u015fikta\u015f&#x27;\u0131n puan\u0131 56 oldu. Karag\u00fcmr\u00fck ise 21 puanla son s\u0131rada kald\u0131.<\/p>\n<p>Siyah-beyazl\u0131lar, ligde gelecek hafta Gaziantep FK&#x27;ya konuk olacak. Karag\u00fcmr\u00fck ekibi, Gen\u00e7lerbirli\u011fi&#x27;ni a\u011f\u0131rlayacak.<\/p>\n<p>MA\u00c7TAN DAK\u0130KALAR<\/p>\n<p>12. dakikada sol taraftan Orkun K\u00f6k\u00e7\u00fc\u2019n\u00fcn kulland\u0131\u011f\u0131 k\u00f6\u015fe vuru\u015funda, \u00f6n direkte El Bilal Toure\u2019nin kafayla a\u015f\u0131rd\u0131\u011f\u0131 topa arka direkte Oh\u2019un kafa vuru\u015funda kaleci Ivo Grbic me\u015fin yuvarla\u011f\u0131 kornere \u00e7eldi.<\/p>\n<p>19. dakikada ceza sahas\u0131 d\u0131\u015f\u0131 sa\u011f \u00e7aprazdan Bartu\u011f Elmaz\u2019\u0131n yapt\u0131\u011f\u0131 vuru\u015fta top uzak kale dire\u011finden oyun alan\u0131na d\u00f6nd\u00fc. Devam\u0131nda topu \u00f6n\u00fcnde bulan Serginho\u2019nun ceza yay\u0131 sol taraf\u0131ndan yapt\u0131\u011f\u0131 vuru\u015fta ise kaleci Vazquez me\u015fin yuvarla\u011f\u0131 ayaklar\u0131yla kurtard\u0131.<\/p>\n<p>26. ceza sahas\u0131 d\u0131\u015f\u0131 sol \u00e7aprazdan kazan\u0131lan serbest vuru\u015fta topun ba\u015f\u0131na ge\u00e7en Orkun K\u00f6k\u00e7\u00fc\u2019n\u00fcn \u015futunda kaleci Grbic, yak\u0131n k\u00f6\u015feye giden topu kornere g\u00f6nderdi.<\/p>\n<p>37. dakikada Oh\u2019un pas\u0131nda topla bulu\u015fan Olaitan\u2019\u0131n ceza yay\u0131 solundan&#8230;<\/p>\n","protected":false},"excerpt":{"rendered":"<p>Be\u015fikta\u015f ile Fatih Karag\u00fcmr\u00fck, S\u00fcper Lig&#8217;in 31. haftas\u0131nda 0-0 berabere kald\u0131.<\/p>\n","protected":false},"author":2,"featured_media":29703,"comment_status":"open","ping_status":"open","sticky":false,"template":"","format":"standard","meta":{"footnotes":""},"categories":[5,7],"tags":[],"class_list":["post-29704","post","type-post","status-publish","format-standard","has-post-thumbnail","hentry","category-son-dakika","category-spor"],"_links":{"self":[{"href":"https:\/\/eskigazeteci.com\/index.php?rest_route=\/wp\/v2\/posts\/29704","targetHints":{"allow":["GET"]}}],"collection":[{"href":"https:\/\/eskigazeteci.com\/index.php?rest_route=\/wp\/v2\/posts"}],"about":[{"href":"https:\/\/eskigazeteci.com\/index.php?rest_route=\/wp\/v2\/types\/post"}],"author":[{"embeddable":true,"href":"https:\/\/eskigazeteci.com\/index.php?rest_route=\/wp\/v2\/users\/2"}],"replies":[{"embeddable":true,"href":"https:\/\/eskigazeteci.com\/index.php?rest_route=%2Fwp%2Fv2%2Fcomments&post=29704"}],"version-history":[{"count":0,"href":"https:\/\/eskigazeteci.com\/index.php?rest_route=\/wp\/v2\/posts\/29704\/revisions"}],"wp:featuredmedia":[{"embeddable":true,"href":"https:\/\/eskigazeteci.com\/index.php?rest_route=\/wp\/v2\/media\/29703"}],"wp:attachment":[{"href":"https:\/\/eskigazeteci.com\/index.php?rest_route=%2Fwp%2Fv2%2Fmedia&parent=29704"}],"wp:term":[{"taxonomy":"category","embeddable":true,"href":"https:\/\/eskigazeteci.com\/index.php?rest_route=%2Fwp%2Fv2%2Fcategories&post=29704"},{"taxonomy":"post_tag","embeddable":true,"href":"https:\/\/eskigazeteci.com\/index.php?rest_route=%2Fwp%2Fv2%2Ftags&post=29704"}],"curies":[{"name":"wp","href":"https:\/\/api.w.org\/{rel}","templated":true}]}}