{"id":29702,"date":"2026-04-27T18:54:37","date_gmt":"2026-04-27T18:54:37","guid":{"rendered":"https:\/\/eskigazeteci.com\/?p=29702"},"modified":"2026-04-27T18:54:37","modified_gmt":"2026-04-27T18:54:37","slug":"hidirellez-tarihi-2026","status":"publish","type":"post","link":"https:\/\/eskigazeteci.com\/?p=29702","title":{"rendered":"HIDIRELLEZ TAR\u0130H\u0130 2026"},"content":{"rendered":"<p>Bahar\u0131n geli\u015fiyle beraber H\u0131d\u0131rellez ne zaman, sorusu kamuoyunun g\u00fcndemine geldi. Her y\u0131l may\u0131s ay\u0131nda \u00e7e\u015fitli etkinlikler ile kutlanan H\u0131d\u0131rellez d\u00fcnyada darda kalanlar\u0131n yard\u0131mc\u0131s\u0131 oldu\u011fu d\u00fc\u015f\u00fcn\u00fclen H\u0131z\u0131r ile denizlerin hakimi oldu\u011funa inan\u0131lan \u0130lyas&#x27;\u0131n yery\u00fcz\u00fcnde bulu\u015ftuklar\u0131 g\u00fcn olarak d\u00fc\u015f\u00fcn\u00fcl\u00fcr. Orta Asya, Ortado\u011fu, Anadolu ve Balkanlar&#x27;da kutlanan mevsimlik bayramlardan olan H\u0131d\u0131rellez bu sene de \u00fclkemizde renkli anlara sahne olacak. Bu g\u00fcnde, vatanda\u015flar, g\u00fcl a\u011fac\u0131na dilek dileme, suya dilek mektubu atma gibi \u00e7e\u015fitli gelenekler yapacaklar. Peki, 2026 H\u0131d\u0131rellez ne zaman hangi g\u00fcn? H\u0131d\u0131rellez gelenekleri nelerdir? \u0130\u015fte, H\u0131d\u0131rellez tarihi ve konu hakk\u0131nda ayr\u0131nt\u0131l\u0131 bilgiler.<\/p>\n<p>H\u0131d\u0131rellez ya da H\u0131drellez, Orta Asya, Ortado\u011fu, Anadolu ve Balkanlar&#x27;da kutlanan mevsimlik bayramlardan biridir. Ruz-\u0131 H\u0131z\u0131r (H\u0131z\u0131r g\u00fcn\u00fc) olarak adland\u0131r\u0131lan H\u0131d\u0131rellez g\u00fcn\u00fc, d\u00fcnyada darda kalanlar\u0131n yard\u0131mc\u0131s\u0131 oldu\u011fu d\u00fc\u015f\u00fcn\u00fclen H\u0131z\u0131r ile denizlerin hakimi oldu\u011funa inan\u0131lan \u0130lyas&#x27;\u0131n yery\u00fcz\u00fcnde bulu\u015ftuklar\u0131 g\u00fcn olarak d\u00fc\u015f\u00fcn\u00fcl\u00fcr ve kutlan\u0131r.<\/p>\n<p>H\u0131d\u0131rellez ya da H\u0131drellez, Orta Asya, Ortado\u011fu, Anadolu ve Balkanlar&#x27;da kutlanan mevsimlik bayramlardan biridir. Ruz-\u0131 H\u0131z\u0131r (H\u0131z\u0131r g\u00fcn\u00fc) olarak adland\u0131r\u0131lan&#8230;<\/p>\n","protected":false},"excerpt":{"rendered":"<p>H\u0131d\u0131rellez gelenekleri ve tarihi 2026 May\u0131s ay\u0131 yakla\u015f\u0131rken, g\u00fcndeme geldi. Orta Asya, Ortado\u011fu, Anadolu ve Balkanlar&#8217;da kutlanan mevsimlik bayramlardan biri&#8230;<\/p>\n","protected":false},"author":2,"featured_media":29701,"comment_status":"open","ping_status":"open","sticky":false,"template":"","format":"standard","meta":{"footnotes":""},"categories":[6,5],"tags":[],"class_list":["post-29702","post","type-post","status-publish","format-standard","has-post-thumbnail","hentry","category-gundem","category-son-dakika"],"_links":{"self":[{"href":"https:\/\/eskigazeteci.com\/index.php?rest_route=\/wp\/v2\/posts\/29702","targetHints":{"allow":["GET"]}}],"collection":[{"href":"https:\/\/eskigazeteci.com\/index.php?rest_route=\/wp\/v2\/posts"}],"about":[{"href":"https:\/\/eskigazeteci.com\/index.php?rest_route=\/wp\/v2\/types\/post"}],"author":[{"embeddable":true,"href":"https:\/\/eskigazeteci.com\/index.php?rest_route=\/wp\/v2\/users\/2"}],"replies":[{"embeddable":true,"href":"https:\/\/eskigazeteci.com\/index.php?rest_route=%2Fwp%2Fv2%2Fcomments&post=29702"}],"version-history":[{"count":0,"href":"https:\/\/eskigazeteci.com\/index.php?rest_route=\/wp\/v2\/posts\/29702\/revisions"}],"wp:featuredmedia":[{"embeddable":true,"href":"https:\/\/eskigazeteci.com\/index.php?rest_route=\/wp\/v2\/media\/29701"}],"wp:attachment":[{"href":"https:\/\/eskigazeteci.com\/index.php?rest_route=%2Fwp%2Fv2%2Fmedia&parent=29702"}],"wp:term":[{"taxonomy":"category","embeddable":true,"href":"https:\/\/eskigazeteci.com\/index.php?rest_route=%2Fwp%2Fv2%2Fcategories&post=29702"},{"taxonomy":"post_tag","embeddable":true,"href":"https:\/\/eskigazeteci.com\/index.php?rest_route=%2Fwp%2Fv2%2Ftags&post=29702"}],"curies":[{"name":"wp","href":"https:\/\/api.w.org\/{rel}","templated":true}]}}