{"id":29700,"date":"2026-04-27T18:53:05","date_gmt":"2026-04-27T18:53:05","guid":{"rendered":"https:\/\/eskigazeteci.com\/?p=29700"},"modified":"2026-04-27T18:53:05","modified_gmt":"2026-04-27T18:53:05","slug":"hava-durumu-tahminleri-il-il-28-nisan-2026","status":"publish","type":"post","link":"https:\/\/eskigazeteci.com\/?p=29700","title":{"rendered":"Hava durumu tahminleri il il 28 Nisan 2026"},"content":{"rendered":"<p>Meteoroloji Genel M\u00fcd\u00fcrl\u00fc\u011f\u00fc taraf\u0131ndan yap\u0131lan son de\u011ferlendirmelere g\u00f6re, \u00fclkemizin g\u00fcney ve do\u011fu kesimlerinin yer yer \u00e7ok bulutlu, Ege&#x27;nin do\u011fusu, (Mersin ve Hatay d\u0131\u015f\u0131nda) Akdeniz, Do\u011fu Karadeniz k\u0131y\u0131lar\u0131, Do\u011fu Anadolu&#x27;nun g\u00fcney ve do\u011fusu, G\u00fcneydo\u011fu Anadolu ve Ordu, Konya, Ni\u011fde ile Ankara&#x27;n\u0131n kuzey, Mu\u011fla&#x27;n\u0131n g\u00fcney \u00e7evrelerinin sa\u011fanak ve g\u00f6k g\u00fcr\u00fclt\u00fcl\u00fc sa\u011fanak ya\u011f\u0131\u015fl\u0131 ge\u00e7ece\u011fi tahmin ediliyor. Do\u011fu Karadeniz&#x27;in i\u00e7 kesimleri ile Do\u011fu Anadolu&#x27;da y\u00fcksek kar \u00f6rt\u00fcs\u00fcne sahip e\u011fimli alanlarda \u00e7\u0131\u011f ve kar erimesi tehlikesi bulunmaktad\u0131r.<\/p>\n<p>YARIN (28 N\u0130SAN) HAVA NASIL OLACAK?<\/p>\n<p>MARMARA Par\u00e7al\u0131 ve az bulutlu ge\u00e7ece\u011fi tahmin ediliyor.<\/p>\n<p>\u00c7ANAKKALE 9\u00b0C, 19\u00b0C Par\u00e7al\u0131 ve az bulutlu<\/p>\n<p>ED\u0130RNE 6\u00b0C, 22\u00b0C Par\u00e7al\u0131 ve az bulutlu<\/p>\n<p>\u0130STANBUL 8\u00b0C, 16\u00b0C Par\u00e7al\u0131 ve az bulutlu<\/p>\n<p>SAKARYA 5\u00b0C, 18\u00b0C Par\u00e7al\u0131 ve az bulutlu<\/p>\n<p>EGE Par\u00e7al\u0131 ve az bulutlu, g\u011fney ve do\u011fusunun yer yer \u00e7ok bulutlu, Afyonkarahisar \u00e7evreleri ile Mu\u011fla&#x27;n\u0131n g\u00fcney \u00e7evrelerinin sa\u011fanak ve g\u00f6k g\u00fcr\u00fclt\u00fcl\u00fc sa\u011fanak ya\u011f\u0131\u015fl\u0131 ge\u00e7ece\u011fi tahmin ediliyor.<\/p>\n<p>A.KARAH\u0130SAR 6\u00b0C, 20\u00b0C Par\u00e7al\u0131, yer yer \u00e7ok bulutlu, yar\u0131n (Sal\u0131) \u00f6\u011fle saatlerinden sonra sa\u011fanak ve g\u00f6k g\u00fcr\u00fclt\u00fcl\u00fc sa\u011fanak ya\u011f\u0131\u015fl\u0131<\/p>\n<p>DEN\u0130ZL\u0130 13\u00b0C, 27\u00b0C Par\u00e7al\u0131 ve az bulutlu<\/p>\n<p>\u0130ZM\u0130R 11\u00b0C, 25\u00b0C Par\u00e7al\u0131 ve az&#8230;<\/p>\n","protected":false},"excerpt":{"rendered":"<p>Son dakika hava durumu tahminleri il il Meteoroloji taraf\u0131ndan yay\u0131nland\u0131. F\u0131rt\u0131na ve kuvvetli r\u00fczgar Marmara&#8217;da etkili olurken, baz\u0131 iller i\u00e7in uyar\u0131 geldi&#8230;.<\/p>\n","protected":false},"author":2,"featured_media":29699,"comment_status":"open","ping_status":"open","sticky":false,"template":"","format":"standard","meta":{"footnotes":""},"categories":[6,5],"tags":[],"class_list":["post-29700","post","type-post","status-publish","format-standard","has-post-thumbnail","hentry","category-gundem","category-son-dakika"],"_links":{"self":[{"href":"https:\/\/eskigazeteci.com\/index.php?rest_route=\/wp\/v2\/posts\/29700","targetHints":{"allow":["GET"]}}],"collection":[{"href":"https:\/\/eskigazeteci.com\/index.php?rest_route=\/wp\/v2\/posts"}],"about":[{"href":"https:\/\/eskigazeteci.com\/index.php?rest_route=\/wp\/v2\/types\/post"}],"author":[{"embeddable":true,"href":"https:\/\/eskigazeteci.com\/index.php?rest_route=\/wp\/v2\/users\/2"}],"replies":[{"embeddable":true,"href":"https:\/\/eskigazeteci.com\/index.php?rest_route=%2Fwp%2Fv2%2Fcomments&post=29700"}],"version-history":[{"count":0,"href":"https:\/\/eskigazeteci.com\/index.php?rest_route=\/wp\/v2\/posts\/29700\/revisions"}],"wp:featuredmedia":[{"embeddable":true,"href":"https:\/\/eskigazeteci.com\/index.php?rest_route=\/wp\/v2\/media\/29699"}],"wp:attachment":[{"href":"https:\/\/eskigazeteci.com\/index.php?rest_route=%2Fwp%2Fv2%2Fmedia&parent=29700"}],"wp:term":[{"taxonomy":"category","embeddable":true,"href":"https:\/\/eskigazeteci.com\/index.php?rest_route=%2Fwp%2Fv2%2Fcategories&post=29700"},{"taxonomy":"post_tag","embeddable":true,"href":"https:\/\/eskigazeteci.com\/index.php?rest_route=%2Fwp%2Fv2%2Ftags&post=29700"}],"curies":[{"name":"wp","href":"https:\/\/api.w.org\/{rel}","templated":true}]}}