{"id":29698,"date":"2026-04-27T18:32:54","date_gmt":"2026-04-27T18:32:54","guid":{"rendered":"https:\/\/eskigazeteci.com\/?p=29698"},"modified":"2026-04-27T18:32:54","modified_gmt":"2026-04-27T18:32:54","slug":"trumpa-suikast-girisimini-zanliya-goz-altilandi","status":"publish","type":"post","link":"https:\/\/eskigazeteci.com\/?p=29698","title":{"rendered":"Trump&#8217;a Suikast Giri\u015fimini Zanl\u0131ya G\u00f6z Alt\u0131land\u0131"},"content":{"rendered":"<p>zanl\u0131, Trump&#x27;a y\u00f6nelik suikast giri\u015fimi ger\u00e7ekle\u015ftiren zanl\u0131 g\u00f6zalt\u0131nda tutulacak ve bir duru\u015fma ayarlanacak. Per\u015fembe g\u00fcn\u00fc bu duru\u015fma ger\u00e7ekle\u015fecek.<\/p>\n","protected":false},"excerpt":{"rendered":"<p>Zanl\u0131, Trump&#8217;a y\u00f6nelik suikast giri\u015fimi ger\u00e7ekle\u015ftiren<\/p>\n","protected":false},"author":2,"featured_media":29697,"comment_status":"open","ping_status":"open","sticky":false,"template":"","format":"standard","meta":{"footnotes":""},"categories":[8,6,5],"tags":[],"class_list":["post-29698","post","type-post","status-publish","format-standard","has-post-thumbnail","hentry","category-arsiv","category-gundem","category-son-dakika"],"_links":{"self":[{"href":"https:\/\/eskigazeteci.com\/index.php?rest_route=\/wp\/v2\/posts\/29698","targetHints":{"allow":["GET"]}}],"collection":[{"href":"https:\/\/eskigazeteci.com\/index.php?rest_route=\/wp\/v2\/posts"}],"about":[{"href":"https:\/\/eskigazeteci.com\/index.php?rest_route=\/wp\/v2\/types\/post"}],"author":[{"embeddable":true,"href":"https:\/\/eskigazeteci.com\/index.php?rest_route=\/wp\/v2\/users\/2"}],"replies":[{"embeddable":true,"href":"https:\/\/eskigazeteci.com\/index.php?rest_route=%2Fwp%2Fv2%2Fcomments&post=29698"}],"version-history":[{"count":0,"href":"https:\/\/eskigazeteci.com\/index.php?rest_route=\/wp\/v2\/posts\/29698\/revisions"}],"wp:featuredmedia":[{"embeddable":true,"href":"https:\/\/eskigazeteci.com\/index.php?rest_route=\/wp\/v2\/media\/29697"}],"wp:attachment":[{"href":"https:\/\/eskigazeteci.com\/index.php?rest_route=%2Fwp%2Fv2%2Fmedia&parent=29698"}],"wp:term":[{"taxonomy":"category","embeddable":true,"href":"https:\/\/eskigazeteci.com\/index.php?rest_route=%2Fwp%2Fv2%2Fcategories&post=29698"},{"taxonomy":"post_tag","embeddable":true,"href":"https:\/\/eskigazeteci.com\/index.php?rest_route=%2Fwp%2Fv2%2Ftags&post=29698"}],"curies":[{"name":"wp","href":"https:\/\/api.w.org\/{rel}","templated":true}]}}