{"id":29696,"date":"2026-04-27T18:24:38","date_gmt":"2026-04-27T18:24:38","guid":{"rendered":"https:\/\/eskigazeteci.com\/?p=29696"},"modified":"2026-04-27T18:24:38","modified_gmt":"2026-04-27T18:24:38","slug":"icisleri-bakanligi-ayas-kaymakami-eligul-hakkinda-sorusturma-acilmistir","status":"publish","type":"post","link":"https:\/\/eskigazeteci.com\/?p=29696","title":{"rendered":"\u0130\u00e7i\u015fleri Bakanl\u0131\u011f\u0131: Aya\u015f Kaymakam\u0131 Elig\u00fcl hakk\u0131nda soru\u015fturma a\u00e7\u0131lm\u0131\u015ft\u0131r"},"content":{"rendered":"<p>\u0130\u00e7i\u015fleri Bakanl\u0131\u011f\u0131, Aya\u015f Kaymakam\u0131 Muharrem Elig\u00fcl hakk\u0131nda sosyal medya payla\u015f\u0131mlar\u0131 sebebiyle soru\u015fturma a\u00e7\u0131ld\u0131\u011f\u0131n\u0131 duyurdu.<\/p>\n","protected":false},"excerpt":{"rendered":"<p>\u0130\u00e7i\u015fleri Bakanl\u0131\u011f\u0131, Aya\u015f Kaymakam\u0131 Muharrem Elig\u00fcl hakk\u0131nda sosyal medya payla\u015f\u0131mlar\u0131 sebebiyle soru\u015fturma a\u00e7\u0131ld\u0131\u011f\u0131n\u0131 duyurdu.<\/p>\n","protected":false},"author":2,"featured_media":29695,"comment_status":"open","ping_status":"open","sticky":false,"template":"","format":"standard","meta":{"footnotes":""},"categories":[6,5],"tags":[],"class_list":["post-29696","post","type-post","status-publish","format-standard","has-post-thumbnail","hentry","category-gundem","category-son-dakika"],"_links":{"self":[{"href":"https:\/\/eskigazeteci.com\/index.php?rest_route=\/wp\/v2\/posts\/29696","targetHints":{"allow":["GET"]}}],"collection":[{"href":"https:\/\/eskigazeteci.com\/index.php?rest_route=\/wp\/v2\/posts"}],"about":[{"href":"https:\/\/eskigazeteci.com\/index.php?rest_route=\/wp\/v2\/types\/post"}],"author":[{"embeddable":true,"href":"https:\/\/eskigazeteci.com\/index.php?rest_route=\/wp\/v2\/users\/2"}],"replies":[{"embeddable":true,"href":"https:\/\/eskigazeteci.com\/index.php?rest_route=%2Fwp%2Fv2%2Fcomments&post=29696"}],"version-history":[{"count":0,"href":"https:\/\/eskigazeteci.com\/index.php?rest_route=\/wp\/v2\/posts\/29696\/revisions"}],"wp:featuredmedia":[{"embeddable":true,"href":"https:\/\/eskigazeteci.com\/index.php?rest_route=\/wp\/v2\/media\/29695"}],"wp:attachment":[{"href":"https:\/\/eskigazeteci.com\/index.php?rest_route=%2Fwp%2Fv2%2Fmedia&parent=29696"}],"wp:term":[{"taxonomy":"category","embeddable":true,"href":"https:\/\/eskigazeteci.com\/index.php?rest_route=%2Fwp%2Fv2%2Fcategories&post=29696"},{"taxonomy":"post_tag","embeddable":true,"href":"https:\/\/eskigazeteci.com\/index.php?rest_route=%2Fwp%2Fv2%2Ftags&post=29696"}],"curies":[{"name":"wp","href":"https:\/\/api.w.org\/{rel}","templated":true}]}}