{"id":29694,"date":"2026-04-27T18:23:03","date_gmt":"2026-04-27T18:23:03","guid":{"rendered":"https:\/\/eskigazeteci.com\/?p=29694"},"modified":"2026-04-27T18:23:03","modified_gmt":"2026-04-27T18:23:03","slug":"bm-genel-sekreteri-guterresten-hurmuz-uyarisi-milyonlarca-insani-aclik-ve-yoksulluga-surukluyor","status":"publish","type":"post","link":"https:\/\/eskigazeteci.com\/?p=29694","title":{"rendered":"BM Genel Sekreteri Guterres&#8217;ten H\u00fcrm\u00fcz uyar\u0131s\u0131: Milyonlarca insan\u0131 a\u00e7l\u0131k ve yoksullu\u011fa s\u00fcr\u00fckl\u00fcyor"},"content":{"rendered":"<p>Guterres, &quot;Uluslararas\u0131 bar\u0131\u015f ve g\u00fcvenli\u011fin korunmas\u0131&quot; g\u00fcndem maddesi alt\u0131nda &quot;Denizcilik alan\u0131ndaki su yollar\u0131n\u0131n g\u00fcvenli\u011fi ve korunmas\u0131&quot; ba\u015fl\u0131kl\u0131 BM G\u00fcvenlik Konseyi Toplant\u0131s\u0131&#x27;nda konu\u015ftu.<\/p>\n<p>Toplant\u0131n\u0131n, su yollar\u0131n\u0131n g\u00fcvenli\u011finin \u201culuslararas\u0131 d\u00fczenin bir s\u0131nav\u0131 haline geldi\u011fi\u201d bir d\u00f6nemde yap\u0131ld\u0131\u011f\u0131na dikkati \u00e7eken Guterres, bug\u00fcn k\u00fcresel ticaretin damarlar\u0131n\u0131 olu\u015fturan deniz yollar\u0131n\u0131n bask\u0131 alt\u0131nda oldu\u011funu s\u00f6yledi.<\/p>\n<p>Guterres, \u201cJeopolitik gerilimler denizlere ta\u015f\u0131yor, ticari gemiler, bir bask\u0131 arac\u0131 olarak kullan\u0131l\u0131yor ve deniz hukukunun temel ilkeleri ba\u011flam\u0131nda seyr\u00fcsefer haklar\u0131 ve \u00f6zg\u00fcrl\u00fckleri baltalan\u0131yor.\u201d ifadesini kulland\u0131.<\/p>\n<p>Mart ba\u015f\u0131ndan beri H\u00fcrm\u00fcz Bo\u011faz\u0131&#x27;ndan ge\u00e7en gemi trafi\u011findeki aksaman\u0131n, k\u00fcresel enerji g\u00fcvenli\u011fini, g\u0131da tedarikini ve ticareti olumsuz etkiledi\u011fini vurgulayan Guterres, bunun, Kovid-19 salg\u0131n\u0131 ve Ukrayna sava\u015f\u0131ndan bu yana ya\u015fanan en k\u00f6t\u00fc tedarik zinciri aksamas\u0131 oldu\u011funa i\u015faret etti.<\/p>\n<p>Guterres, \u201cUzun s\u00fcreli aksama, k\u00fcresel g\u0131da krizini tetikleme riskini beraberinde getiriyor, \u00f6zellikle Afrika ve G\u00fcney Asya&#x27;da milyonlarca insan\u0131 a\u00e7l\u0131k ve yoksullu\u011fa s\u00fcr\u00fckl\u00fcyor.\u201d dedi.<\/p>\n<p>&quot;BO\u011eAZ&#x27;I A\u00c7IN, GE\u00c7\u0130\u015e \u00dcCRET\u0130 VE AYRIMCILIK OLMADAN GEM\u0130LER\u0130N GE\u00c7MES\u0130NE \u0130Z\u0130N&#8230;<\/p>\n","protected":false},"excerpt":{"rendered":"<p>Birle\u015fmi\u015f Milletler (BM) Genel Sekreteri Antonio Guterres, H\u00fcrm\u00fcz Bo\u011faz\u0131\u2019ndaki aksamalar\u0131n k\u00fcresel bir g\u0131da krizini tetikleme riskini beraberinde getirdi\u011fini&#8230;<\/p>\n","protected":false},"author":2,"featured_media":29693,"comment_status":"open","ping_status":"open","sticky":false,"template":"","format":"standard","meta":{"footnotes":""},"categories":[6,5],"tags":[],"class_list":["post-29694","post","type-post","status-publish","format-standard","has-post-thumbnail","hentry","category-gundem","category-son-dakika"],"_links":{"self":[{"href":"https:\/\/eskigazeteci.com\/index.php?rest_route=\/wp\/v2\/posts\/29694","targetHints":{"allow":["GET"]}}],"collection":[{"href":"https:\/\/eskigazeteci.com\/index.php?rest_route=\/wp\/v2\/posts"}],"about":[{"href":"https:\/\/eskigazeteci.com\/index.php?rest_route=\/wp\/v2\/types\/post"}],"author":[{"embeddable":true,"href":"https:\/\/eskigazeteci.com\/index.php?rest_route=\/wp\/v2\/users\/2"}],"replies":[{"embeddable":true,"href":"https:\/\/eskigazeteci.com\/index.php?rest_route=%2Fwp%2Fv2%2Fcomments&post=29694"}],"version-history":[{"count":0,"href":"https:\/\/eskigazeteci.com\/index.php?rest_route=\/wp\/v2\/posts\/29694\/revisions"}],"wp:featuredmedia":[{"embeddable":true,"href":"https:\/\/eskigazeteci.com\/index.php?rest_route=\/wp\/v2\/media\/29693"}],"wp:attachment":[{"href":"https:\/\/eskigazeteci.com\/index.php?rest_route=%2Fwp%2Fv2%2Fmedia&parent=29694"}],"wp:term":[{"taxonomy":"category","embeddable":true,"href":"https:\/\/eskigazeteci.com\/index.php?rest_route=%2Fwp%2Fv2%2Fcategories&post=29694"},{"taxonomy":"post_tag","embeddable":true,"href":"https:\/\/eskigazeteci.com\/index.php?rest_route=%2Fwp%2Fv2%2Ftags&post=29694"}],"curies":[{"name":"wp","href":"https:\/\/api.w.org\/{rel}","templated":true}]}}