{"id":29692,"date":"2026-04-27T18:13:05","date_gmt":"2026-04-27T18:13:05","guid":{"rendered":"https:\/\/eskigazeteci.com\/?p=29692"},"modified":"2026-04-27T18:13:05","modified_gmt":"2026-04-27T18:13:05","slug":"fatihteki-bir-otelde-alman-turistin-sir-olumu-bir-bakkaldan-yardim-istemis","status":"publish","type":"post","link":"https:\/\/eskigazeteci.com\/?p=29692","title":{"rendered":"Fatih\u2019teki bir otelde Alman turistin s\u0131r \u00f6l\u00fcm\u00fc\u2026 Bir bakkaldan yard\u0131m istemi\u015f"},"content":{"rendered":"<p>Olay, 23 Nisan&#x27;da Fatih Muhsine Hatun Mahallesi\u2019nde bulunan bir otelde meydana geldi. Edinilen bilgiye g\u00f6re, 20 Nisan&#x27;da Almanya\u2019dan \u0130stanbul\u2019a tatil i\u00e7in gelen Ba\u015fak Schlosser(24)\u2019dan haber alamayan otel g\u00f6revlilerin durumu bildirmesi \u00fczerine olay yerine polis ve sa\u011fl\u0131k ekipleri geldi. Sa\u011fl\u0131k ekiplerinin yapt\u0131\u011f\u0131 incelemede odada bayg\u0131n halde bulunan Schlosser\u2019in hayat\u0131n\u0131 kaybetti\u011fi belirlendi. Schlosser&#x27;in cenazesi olay yerindeki incelemelerin ard\u0131ndan, kesin \u00f6l\u00fcm nedeninin belirlenmesi i\u00e7in Adli T\u0131p Kurumu morguna kald\u0131r\u0131ld\u0131.<\/p>\n<p>9 SAATL\u0130K G\u00d6R\u00dcNT\u00dc BULUNAMADI<\/p>\n<p>Adli T\u0131p Kurumu taraf\u0131ndan haz\u0131rlanan \u00f6n otopsi raporunda Schlosser\u2019in v\u00fccudunda darp ve zorlanma izine rastlanmad\u0131\u011f\u0131 \u00f6\u011frenildi. \u00d6te yandan otelin g\u00fcvenlik kameras\u0131 kay\u0131tlar\u0131nda yakla\u015f\u0131k 9 saatlik g\u00f6r\u00fcnt\u00fcn\u00fcn bulunmamas\u0131 \u00fczerine soru\u015fturma geni\u015fletildi.<\/p>\n<p>G\u00d6ZALTINA ALINAN 5 \u015e\u00dcPHEL\u0130 SERBEST BIRAKILDI<\/p>\n<p>Olayla ilgili g\u00f6zalt\u0131na al\u0131nan 5 \u015f\u00fcpheli, emniyetteki i\u015flemlerinin ard\u0131ndan Adli T\u0131p Kurumuna getirildi. Adli T\u0131p Kurumu&#x27;ndaki i\u015flemlerinin ard\u0131ndan adliyeye getirilen \u015f\u00fcpheliler serbest b\u0131rak\u0131ld\u0131.<\/p>\n<p>TAK\u0130P ED\u0130LD\u0130\u011e\u0130 \u0130\u00c7\u0130N BAKKALDAN YARDIM \u0130STEM\u0130\u015e<\/p>\n<p>Yap\u0131lan \u00e7al\u0131\u015fmalarda Ba\u015fak Schlosser &#x27;\u0131n iddiaya g\u00f6re takip edildi\u011fi gerek\u00e7esiyle bir&#8230;<\/p>\n","protected":false},"excerpt":{"rendered":"<p>ALMANYA\u2019dan T\u00fcrkiye\u2019ye tatil i\u00e7in gelen Ba\u015fak Schlosser (24), Fatih&#8217;te kald\u0131\u011f\u0131 otel odas\u0131nda \u00f6l\u00fc bulundu. Olaya ili\u015fkin g\u00f6zalt\u0131na al\u0131nan 5 \u015f\u00fcpheli,&#8230;<\/p>\n","protected":false},"author":2,"featured_media":29691,"comment_status":"open","ping_status":"open","sticky":false,"template":"","format":"standard","meta":{"footnotes":""},"categories":[6,5],"tags":[],"class_list":["post-29692","post","type-post","status-publish","format-standard","has-post-thumbnail","hentry","category-gundem","category-son-dakika"],"_links":{"self":[{"href":"https:\/\/eskigazeteci.com\/index.php?rest_route=\/wp\/v2\/posts\/29692","targetHints":{"allow":["GET"]}}],"collection":[{"href":"https:\/\/eskigazeteci.com\/index.php?rest_route=\/wp\/v2\/posts"}],"about":[{"href":"https:\/\/eskigazeteci.com\/index.php?rest_route=\/wp\/v2\/types\/post"}],"author":[{"embeddable":true,"href":"https:\/\/eskigazeteci.com\/index.php?rest_route=\/wp\/v2\/users\/2"}],"replies":[{"embeddable":true,"href":"https:\/\/eskigazeteci.com\/index.php?rest_route=%2Fwp%2Fv2%2Fcomments&post=29692"}],"version-history":[{"count":0,"href":"https:\/\/eskigazeteci.com\/index.php?rest_route=\/wp\/v2\/posts\/29692\/revisions"}],"wp:featuredmedia":[{"embeddable":true,"href":"https:\/\/eskigazeteci.com\/index.php?rest_route=\/wp\/v2\/media\/29691"}],"wp:attachment":[{"href":"https:\/\/eskigazeteci.com\/index.php?rest_route=%2Fwp%2Fv2%2Fmedia&parent=29692"}],"wp:term":[{"taxonomy":"category","embeddable":true,"href":"https:\/\/eskigazeteci.com\/index.php?rest_route=%2Fwp%2Fv2%2Fcategories&post=29692"},{"taxonomy":"post_tag","embeddable":true,"href":"https:\/\/eskigazeteci.com\/index.php?rest_route=%2Fwp%2Fv2%2Ftags&post=29692"}],"curies":[{"name":"wp","href":"https:\/\/api.w.org\/{rel}","templated":true}]}}