{"id":29684,"date":"2026-04-27T17:23:01","date_gmt":"2026-04-27T17:23:01","guid":{"rendered":"https:\/\/eskigazeteci.com\/?p=29684"},"modified":"2026-04-27T17:23:01","modified_gmt":"2026-04-27T17:23:01","slug":"bakan-tekinden-27-nisan-e","status":"publish","type":"post","link":"https:\/\/eskigazeteci.com\/?p=29684","title":{"rendered":"Bakan Tekin&#8217;den 27 Nisan e"},"content":{"rendered":"<p>Tekin, NSosyal hesab\u0131ndan yapt\u0131\u011f\u0131 payla\u015f\u0131mda, 27 Nisan 2007&#x27;de e-muht\u0131ra ile akamete u\u011frat\u0131lmak istenen b\u00fcy\u00fck millet y\u00fcr\u00fcy\u00fc\u015f\u00fcn\u00fcn, milletin g\u00fcc\u00fcn\u00fcn \u00fczerinde bir g\u00fc\u00e7 tan\u0131mad\u0131\u011f\u0131n\u0131, vesayetin pasl\u0131 prangalar\u0131n\u0131 k\u0131r\u0131p att\u0131\u011f\u0131n\u0131 ve T\u00fcrkiye&#x27;nin demokrasi tarihinde y\u00fcz ak\u0131 olacak yeni bir sayfa a\u00e7t\u0131\u011f\u0131n\u0131 belirtti.<\/p>\n<p>Bakan Tekin, \u015funlar\u0131 kaydetti:<\/p>\n<p>&quot;27 Nisan zihniyeti, t\u0131pk\u0131 27 May\u0131s, t\u0131pk\u0131 12 Eyl\u00fcl, t\u0131pk\u0131 28 \u015eubat gibi, milletin feraseti kar\u015f\u0131s\u0131nda iflas etmi\u015ftir. Milli iradenin \u00f6n\u00fcne \u00e7ekilmek istenen vesayet setleri, bizzat milletin sars\u0131lmaz iradesiyle tasfiye edilmi\u015f ve bir daha g\u00fcn y\u00fcz\u00fcne \u00e7\u0131kmamak \u00fczere ma\u015feri vicdanda mahkum edilmi\u015ftir. Demokrasinin yegane sahibi milletin kendisidir. 180 y\u0131ll\u0131k se\u00e7im , 150 y\u0131ll\u0131k Meclis tarihimizde her t\u00fcrl\u00fc karanl\u0131k tertip tarihin \u00e7\u00f6pl\u00fc\u011f\u00fcne at\u0131lm\u0131\u015ft\u0131r. AK Parti, bu \u00fclkeyi d\u00fcn\u00fcn karanl\u0131\u011f\u0131ndan &#x27;T\u00fcrkiye Y\u00fczy\u0131l\u0131&#x27; ayd\u0131nl\u0131\u011f\u0131na \u00e7\u0131karan siyasi y\u00fcr\u00fcy\u00fc\u015f\u00fcn ad\u0131 olmu\u015ftur. Milletin sinesinden \u00e7\u0131kan irade, Cumhurba\u015fkan\u0131&#x27;m\u0131z Say\u0131n Recep Tayyip Erdo\u011fan&#x27;\u0131n liderli\u011finde s\u00f6z\u00fc g\u00fc\u00e7l\u00fc, g\u00fcc\u00fc tesirli bir T\u00fcrkiye hakikatinde ilerlemeye devam etmektedir. Ya\u015fas\u0131n necip milletimizin hakk\u0131 bat\u0131ldan ay\u0131ran feraseti, Hak&#x27;tan yana tav\u0131r alan cesareti.&quot;<\/p>\n<p>T\u00fcrkiye g\u00fcndeminden son dakika&#8230;<\/p>\n","protected":false},"excerpt":{"rendered":"<p>Milli E\u011fitim Bakan\u0131 Yusuf Tekin, 27 Nisan zihniyeti, t\u0131pk\u0131 27 May\u0131s, t\u0131pk\u0131 12 Eyl\u00fcl, t\u0131pk\u0131 28 \u015eubat gibi, milletin feraseti kar\u015f\u0131s\u0131nda iflas etmi\u015ftir. Milli&#8230;<\/p>\n","protected":false},"author":2,"featured_media":29683,"comment_status":"open","ping_status":"open","sticky":false,"template":"","format":"standard","meta":{"footnotes":""},"categories":[6,5],"tags":[],"class_list":["post-29684","post","type-post","status-publish","format-standard","has-post-thumbnail","hentry","category-gundem","category-son-dakika"],"_links":{"self":[{"href":"https:\/\/eskigazeteci.com\/index.php?rest_route=\/wp\/v2\/posts\/29684","targetHints":{"allow":["GET"]}}],"collection":[{"href":"https:\/\/eskigazeteci.com\/index.php?rest_route=\/wp\/v2\/posts"}],"about":[{"href":"https:\/\/eskigazeteci.com\/index.php?rest_route=\/wp\/v2\/types\/post"}],"author":[{"embeddable":true,"href":"https:\/\/eskigazeteci.com\/index.php?rest_route=\/wp\/v2\/users\/2"}],"replies":[{"embeddable":true,"href":"https:\/\/eskigazeteci.com\/index.php?rest_route=%2Fwp%2Fv2%2Fcomments&post=29684"}],"version-history":[{"count":0,"href":"https:\/\/eskigazeteci.com\/index.php?rest_route=\/wp\/v2\/posts\/29684\/revisions"}],"wp:featuredmedia":[{"embeddable":true,"href":"https:\/\/eskigazeteci.com\/index.php?rest_route=\/wp\/v2\/media\/29683"}],"wp:attachment":[{"href":"https:\/\/eskigazeteci.com\/index.php?rest_route=%2Fwp%2Fv2%2Fmedia&parent=29684"}],"wp:term":[{"taxonomy":"category","embeddable":true,"href":"https:\/\/eskigazeteci.com\/index.php?rest_route=%2Fwp%2Fv2%2Fcategories&post=29684"},{"taxonomy":"post_tag","embeddable":true,"href":"https:\/\/eskigazeteci.com\/index.php?rest_route=%2Fwp%2Fv2%2Ftags&post=29684"}],"curies":[{"name":"wp","href":"https:\/\/api.w.org\/{rel}","templated":true}]}}