{"id":29682,"date":"2026-04-27T17:02:59","date_gmt":"2026-04-27T17:02:59","guid":{"rendered":"https:\/\/eskigazeteci.com\/?p=29682"},"modified":"2026-04-27T17:02:59","modified_gmt":"2026-04-27T17:02:59","slug":"canli-anlatim-besiktas-fatih-karagumruk-super-lig-maci","status":"publish","type":"post","link":"https:\/\/eskigazeteci.com\/?p=29682","title":{"rendered":"Canl\u0131 Anlat\u0131m: Be\u015fikta\u015f Fatih Karag\u00fcmr\u00fck (S\u00fcper Lig ma\u00e7\u0131)"},"content":{"rendered":"<p>Be\u015fikta\u015f ile Fatih Karag\u00fcmr\u00fck, S\u00fcper Lig&#x27;in 31. haftas\u0131nda kozlar\u0131n\u0131 payla\u015f\u0131yor.<\/p>\n<p>CANLI ANLATIM<\/p>\n<p>\u0130lk yar\u0131 oynan\u0131yor<\/p>\n<p>Be\u015fikta\u015f : 0<\/p>\n<p>Fatih Karag\u00fcmr\u00fck : 0<\/p>\n<p>Goller<\/p>\n<p>\u0130LK 11&#x27;LER<\/p>\n<p>Be\u015fikta\u015f: Vasquez, Taylan, Agbadou, Emirhan, R\u0131dvan, Ndidi, Orkun, Olaitan, Rashica, El-Bilal Toure, Hyeon Gyu Oh.<\/p>\n<p>Fatih Karag\u00fcmr\u00fck: Grbic, Esgaio, Biraschi, Igor, Mladenovic, Bartu\u011f, Berkay, Bar\u0131\u015f, Traore, Sam Larsson, Serginho.<\/p>\n<p>BE\u015e\u0130KTA\u015e &#8211; FAT\u0130H KARAG\u00dcMR\u00dcK MA\u00c7I NE ZAMAN SAAT KA\u00c7TA, HANG\u0130 KANALDA?<\/p>\n<p>S\u00fcper Lig 31\u2019inci hafta m\u00fccadelesi kapsam\u0131nda Be\u015fikta\u015f &#8211; Fatih Karag\u00fcmr\u00fck kar\u015f\u0131 kar\u015f\u0131ya geliyor. M\u00fccadele 27 Nisan Pazartesi g\u00fcn\u00fc saat 20.00\u2019de Bein Sports 1 ekranlar\u0131nda yay\u0131nlan\u0131yor.<\/p>\n<p>BE\u015e\u0130KTA\u015e &#8211; FAT\u0130H KARAG\u00dcMR\u00dcK MA\u00c7 \u00d6NCES\u0130 \u0130STAT\u0130ST\u0130KLER\u0130<\/p>\n<p>Be\u015fikta\u015f ile Fatih Karag\u00fcmr\u00fck aras\u0131nda oynanan ma\u00e7larda siyah-beyazl\u0131lar\u0131n belirgin bir \u00fcst\u00fcnl\u00fc\u011f\u00fc bulunuyor. T\u00fcm ma\u00e7larda Be\u015fikta\u015f 16 galibiyet al\u0131rken, Fatih Karag\u00fcmr\u00fck 4 kez kazand\u0131; 6 kar\u015f\u0131la\u015fma ise beraberlikle sonu\u00e7land\u0131. Be\u015fikta\u015f\u2019\u0131n ev sahipli\u011findeki ma\u00e7larda da tablo de\u011fi\u015fmedi. Siyah-beyazl\u0131lar i\u00e7 sahada 9 galibiyet elde ederken, Fatih Karag\u00fcmr\u00fck deplasmanda sadece 2 kez kazanabildi.<\/p>\n<p>Be\u015fikta\u015f, Fatih Karag\u00fcmr\u00fck ile oynad\u0131\u011f\u0131 son \u00fc\u00e7 S\u00fcper Lig ma\u00e7\u0131ndan galibiyetle ayr\u0131ld\u0131&#8230;.<\/p>\n","protected":false},"excerpt":{"rendered":"<p>Be\u015fikta\u015f ile Fatih Karag\u00fcmr\u00fck, S\u00fcper Lig&#8217;in 31. haftas\u0131nda kar\u015f\u0131 kar\u015f\u0131ya geliyor. Bu m\u00fccadeleyi haberimizden anbean takip edebilirsiniz.<\/p>\n","protected":false},"author":2,"featured_media":29681,"comment_status":"open","ping_status":"open","sticky":false,"template":"","format":"standard","meta":{"footnotes":""},"categories":[5,7],"tags":[],"class_list":["post-29682","post","type-post","status-publish","format-standard","has-post-thumbnail","hentry","category-son-dakika","category-spor"],"_links":{"self":[{"href":"https:\/\/eskigazeteci.com\/index.php?rest_route=\/wp\/v2\/posts\/29682","targetHints":{"allow":["GET"]}}],"collection":[{"href":"https:\/\/eskigazeteci.com\/index.php?rest_route=\/wp\/v2\/posts"}],"about":[{"href":"https:\/\/eskigazeteci.com\/index.php?rest_route=\/wp\/v2\/types\/post"}],"author":[{"embeddable":true,"href":"https:\/\/eskigazeteci.com\/index.php?rest_route=\/wp\/v2\/users\/2"}],"replies":[{"embeddable":true,"href":"https:\/\/eskigazeteci.com\/index.php?rest_route=%2Fwp%2Fv2%2Fcomments&post=29682"}],"version-history":[{"count":0,"href":"https:\/\/eskigazeteci.com\/index.php?rest_route=\/wp\/v2\/posts\/29682\/revisions"}],"wp:featuredmedia":[{"embeddable":true,"href":"https:\/\/eskigazeteci.com\/index.php?rest_route=\/wp\/v2\/media\/29681"}],"wp:attachment":[{"href":"https:\/\/eskigazeteci.com\/index.php?rest_route=%2Fwp%2Fv2%2Fmedia&parent=29682"}],"wp:term":[{"taxonomy":"category","embeddable":true,"href":"https:\/\/eskigazeteci.com\/index.php?rest_route=%2Fwp%2Fv2%2Fcategories&post=29682"},{"taxonomy":"post_tag","embeddable":true,"href":"https:\/\/eskigazeteci.com\/index.php?rest_route=%2Fwp%2Fv2%2Ftags&post=29682"}],"curies":[{"name":"wp","href":"https:\/\/api.w.org\/{rel}","templated":true}]}}