{"id":29680,"date":"2026-04-27T16:44:15","date_gmt":"2026-04-27T16:44:15","guid":{"rendered":"https:\/\/eskigazeteci.com\/?p=29680"},"modified":"2026-04-27T16:44:15","modified_gmt":"2026-04-27T16:44:15","slug":"bakan-gurlekten-27-nisan-e","status":"publish","type":"post","link":"https:\/\/eskigazeteci.com\/?p=29680","title":{"rendered":"Bakan G\u00fcrlek&#8217;ten &#8217;27 Nisan e"},"content":{"rendered":"<p>Bakan G\u00fcrlek, sanal medya hesab\u0131ndan yapt\u0131\u011f\u0131 a\u00e7\u0131klamada, &quot;27 Nisan e-muht\u0131ras\u0131, se\u00e7ilmi\u015f h\u00fck\u00fcmeti hedef alan ve do\u011frudan milletimizin egemenlik hakk\u0131na ve hukuk devletine kar\u015f\u0131 bir m\u00fcdahale giri\u015fimiydi. Cumhurba\u015fkan\u0131m\u0131z Say\u0131n Recep Tayyip Erdo\u011fan&#x27;\u0131n millet iradesine dayanan kararl\u0131 duru\u015fu, tarihi bir d\u00f6n\u00fcm noktas\u0131 oldu ve bu giri\u015fimi bo\u015fa \u00e7\u0131kard\u0131. Bug\u00fcn T\u00fcrkiye; rotas\u0131 bildirilerle \u00e7izilen de\u011fil, iradesini sand\u0131kta ortaya koyan milletin y\u00f6n verdi\u011fi bir hukuk devleti ise, bu Say\u0131n Cumhurba\u015fkan\u0131m\u0131z\u0131n 27 Nisan&#x27;da sergiledi\u011fi g\u00fc\u00e7l\u00fc liderlik ve aziz milletimizin bu iradeye verdi\u011fi sars\u0131lmaz destekle m\u00fcmk\u00fcn oldu. Bu duru\u015f, T\u00fcrkiye&#x27;de darbe ve muht\u0131ra zihniyetine kar\u015f\u0131 verilen m\u00fccadelenin en \u00f6nemli k\u0131r\u0131lma anlar\u0131ndan biri olarak tarihe ge\u00e7ti. 27 Nisan\u2019da ortaya konan irade, 15 Temmuz\u2019da milletimizin destans\u0131 direni\u015fiyle daha da g\u00fc\u00e7 kazand\u0131&quot; ifadelerini kulland\u0131.<\/p>\n<p>\u201cTAMAMEN GER\u0130DE KALDI\u011eINI EN G\u00dc\u00c7L\u00dc \u015eEK\u0130LDE \u0130FADE ED\u0130YORUZ\u201d<\/p>\n<p>Bakan G\u00fcrlek ayr\u0131ca, &quot; Adalet Bakanl\u0131\u011f\u0131 olarak; milli iradeyi esas almaya, demokrasimizin \u00fczerinde hi\u00e7bir vesayet g\u00f6lgesine izin vermemeye kararl\u0131l\u0131kla devam ediyor; 27 Nisan e-muht\u0131ras\u0131n\u0131n y\u0131l d\u00f6n\u00fcm\u00fcnde demokrasimize sahip \u00e7\u0131kma kararl\u0131l\u0131\u011f\u0131m\u0131z\u0131 bir kez daha&#8230;<\/p>\n","protected":false},"excerpt":{"rendered":"<p>ADALET Bakan\u0131 Ak\u0131n G\u00fcrlek, Adalet Bakanl\u0131\u011f\u0131 olarak; milli iradeyi esas almaya, demokrasimizin \u00fczerinde hi\u00e7bir vesayet g\u00f6lgesine izin vermemeye kararl\u0131l\u0131kla&#8230;<\/p>\n","protected":false},"author":2,"featured_media":29679,"comment_status":"open","ping_status":"open","sticky":false,"template":"","format":"standard","meta":{"footnotes":""},"categories":[6,5],"tags":[],"class_list":["post-29680","post","type-post","status-publish","format-standard","has-post-thumbnail","hentry","category-gundem","category-son-dakika"],"_links":{"self":[{"href":"https:\/\/eskigazeteci.com\/index.php?rest_route=\/wp\/v2\/posts\/29680","targetHints":{"allow":["GET"]}}],"collection":[{"href":"https:\/\/eskigazeteci.com\/index.php?rest_route=\/wp\/v2\/posts"}],"about":[{"href":"https:\/\/eskigazeteci.com\/index.php?rest_route=\/wp\/v2\/types\/post"}],"author":[{"embeddable":true,"href":"https:\/\/eskigazeteci.com\/index.php?rest_route=\/wp\/v2\/users\/2"}],"replies":[{"embeddable":true,"href":"https:\/\/eskigazeteci.com\/index.php?rest_route=%2Fwp%2Fv2%2Fcomments&post=29680"}],"version-history":[{"count":0,"href":"https:\/\/eskigazeteci.com\/index.php?rest_route=\/wp\/v2\/posts\/29680\/revisions"}],"wp:featuredmedia":[{"embeddable":true,"href":"https:\/\/eskigazeteci.com\/index.php?rest_route=\/wp\/v2\/media\/29679"}],"wp:attachment":[{"href":"https:\/\/eskigazeteci.com\/index.php?rest_route=%2Fwp%2Fv2%2Fmedia&parent=29680"}],"wp:term":[{"taxonomy":"category","embeddable":true,"href":"https:\/\/eskigazeteci.com\/index.php?rest_route=%2Fwp%2Fv2%2Fcategories&post=29680"},{"taxonomy":"post_tag","embeddable":true,"href":"https:\/\/eskigazeteci.com\/index.php?rest_route=%2Fwp%2Fv2%2Ftags&post=29680"}],"curies":[{"name":"wp","href":"https:\/\/api.w.org\/{rel}","templated":true}]}}