{"id":29674,"date":"2026-04-27T16:22:56","date_gmt":"2026-04-27T16:22:56","guid":{"rendered":"https:\/\/eskigazeteci.com\/?p=29674"},"modified":"2026-04-27T16:22:56","modified_gmt":"2026-04-27T16:22:56","slug":"12-yargi-paketi-son-dakika-gelismeler-nisan-2026","status":"publish","type":"post","link":"https:\/\/eskigazeteci.com\/?p=29674","title":{"rendered":"12. YARGI PAKET\u0130 SON DAK\u0130KA GEL\u0130\u015eMELER N\u0130SAN 2026"},"content":{"rendered":"<p>12. Yarg\u0131 Paketi maddeleri kapsam\u0131 ve i\u00e7eri\u011fi son dakika haberler ile takip ediliyor. Y\u0131lba\u015f\u0131 \u00f6nce 11. Yarg\u0131 Paketi&#x27;nin y\u00fcr\u00fcrl\u00fc\u011fe girmesinin ard\u0131ndan, Adalet Bakanl\u0131\u011f\u0131 12. Yarg\u0131 Paketi maddeleri i\u00e7in \u00e7al\u0131\u015fmalara ba\u015flam\u0131\u015ft\u0131. Adalet Bakan\u0131 Ak\u0131n G\u00fcrlek, toplumdaki hassasiyetleri dikkate alarak su\u00e7a s\u00fcr\u00fcklenen \u00e7ocuklarla ilgili bir kanun \u00e7al\u0131\u015fmas\u0131 yapacaklar\u0131n\u0131 bildirmi\u015fti. 12. Yarg\u0131 Paketi i\u00e7eri\u011fi hakk\u0131nda son durum a\u00e7\u0131klamas\u0131 Bakan G\u00fcrlek&#x27;ten geldi. G\u00fcrlek, &quot;Bizim \u00f6nceli\u011fimiz i\u015f d\u00fcnyas\u0131n\u0131n zaman\u0131n\u0131 mahkeme koridorlar\u0131nda de\u011fil, \u00fcretim sahalar\u0131nda harcamas\u0131n\u0131 sa\u011flamakt\u0131r. Bizim hedefimiz sadece h\u0131zl\u0131 karar veren bir yarg\u0131 de\u011fil, daha h\u0131zl\u0131, daha \u00f6ng\u00f6r\u00fclebilir ve daha g\u00fcven veren bir adalet in\u015fa etmektir.&quot; \u015feklinde konu\u015ftu. \u00d6te yandan af \u00e7\u0131kacak m\u0131, 12. Yarg\u0131 Paketi ile infaz d\u00fczenlemesi olacak m\u0131? sorular\u0131 g\u00fcndemde yer al\u0131yor. \u0130\u015fte, ayr\u0131nt\u0131lar.<\/p>\n<p>Adalet Bakan\u0131 Ak\u0131n G\u00fcrlek, &quot;Bizim \u00f6nceli\u011fimiz i\u015f d\u00fcnyas\u0131n\u0131n zaman\u0131n\u0131 mahkeme koridorlar\u0131nda de\u011fil, \u00fcretim sahalar\u0131nda harcamas\u0131n\u0131 sa\u011flamakt\u0131r. Bizim hedefimiz sadece h\u0131zl\u0131 karar veren bir yarg\u0131 de\u011fil, daha h\u0131zl\u0131, daha \u00f6ng\u00f6r\u00fclebilir ve daha g\u00fcven veren bir adalet in\u015fa etmektir.&quot; dedi. Bakan G\u00fcrlek, 12. Yarg\u0131 Paketi \u00e7al\u0131\u015fmalar\u0131n\u0131n devam&#8230;<\/p>\n","protected":false},"excerpt":{"rendered":"<p>12. Yarg\u0131 Paketi af ve infaz d\u00fczenlemesi \u00e7\u0131kacak m\u0131? son dakika geli\u015fmeler ile takip ediliyor. Adalet Bakanl\u0131\u011f\u0131&#8217;nca \u00e7al\u0131\u015fmalar devam ederken, Bakan&#8230;<\/p>\n","protected":false},"author":2,"featured_media":29673,"comment_status":"open","ping_status":"open","sticky":false,"template":"","format":"standard","meta":{"footnotes":""},"categories":[8,6,5],"tags":[],"class_list":["post-29674","post","type-post","status-publish","format-standard","has-post-thumbnail","hentry","category-arsiv","category-gundem","category-son-dakika"],"_links":{"self":[{"href":"https:\/\/eskigazeteci.com\/index.php?rest_route=\/wp\/v2\/posts\/29674","targetHints":{"allow":["GET"]}}],"collection":[{"href":"https:\/\/eskigazeteci.com\/index.php?rest_route=\/wp\/v2\/posts"}],"about":[{"href":"https:\/\/eskigazeteci.com\/index.php?rest_route=\/wp\/v2\/types\/post"}],"author":[{"embeddable":true,"href":"https:\/\/eskigazeteci.com\/index.php?rest_route=\/wp\/v2\/users\/2"}],"replies":[{"embeddable":true,"href":"https:\/\/eskigazeteci.com\/index.php?rest_route=%2Fwp%2Fv2%2Fcomments&post=29674"}],"version-history":[{"count":0,"href":"https:\/\/eskigazeteci.com\/index.php?rest_route=\/wp\/v2\/posts\/29674\/revisions"}],"wp:featuredmedia":[{"embeddable":true,"href":"https:\/\/eskigazeteci.com\/index.php?rest_route=\/wp\/v2\/media\/29673"}],"wp:attachment":[{"href":"https:\/\/eskigazeteci.com\/index.php?rest_route=%2Fwp%2Fv2%2Fmedia&parent=29674"}],"wp:term":[{"taxonomy":"category","embeddable":true,"href":"https:\/\/eskigazeteci.com\/index.php?rest_route=%2Fwp%2Fv2%2Fcategories&post=29674"},{"taxonomy":"post_tag","embeddable":true,"href":"https:\/\/eskigazeteci.com\/index.php?rest_route=%2Fwp%2Fv2%2Ftags&post=29674"}],"curies":[{"name":"wp","href":"https:\/\/api.w.org\/{rel}","templated":true}]}}