{"id":29670,"date":"2026-04-27T15:52:56","date_gmt":"2026-04-27T15:52:56","guid":{"rendered":"https:\/\/eskigazeteci.com\/?p=29670"},"modified":"2026-04-27T15:52:56","modified_gmt":"2026-04-27T15:52:56","slug":"bakan-ciftciden-27-nisan-e","status":"publish","type":"post","link":"https:\/\/eskigazeteci.com\/?p=29670","title":{"rendered":"Bakan \u00c7ift\u00e7i&#8217;den 27 Nisan e"},"content":{"rendered":"<p>Bakan \u00c7ift\u00e7i, NSosyal&#x27;deki hesab\u0131ndan yapt\u0131\u011f\u0131 payla\u015f\u0131mda, 27 Nisan &quot;e-muht\u0131ras\u0131&quot;n\u0131n, millet iradesini hizaya \u00e7ekmeye \u00e7al\u0131\u015fan vesayet\u00e7i akl\u0131n son karanl\u0131k te\u015febb\u00fcslerinden biri olarak haf\u0131zalar\u0131nda oldu\u011funu belirtti.<\/p>\n<p>Bir zamanlar T\u00fcrkiye&#x27;de siyasetin e-muht\u0131ralarla y\u00f6nlendirilmek istendi\u011fini hat\u0131rlatan \u00c7ift\u00e7i, \u015funlar\u0131 kaydetti:<\/p>\n<p>&quot;Milletin iradesi, vesayetle bask\u0131 alt\u0131na al\u0131nmak istendi. T\u00fcrkiye&#x27;nin istikameti, sand\u0131k yerine karanl\u0131k odaklar taraf\u0131ndan belirlenmek istendi. Ancak aziz milletimiz, bu dayatmaya r\u0131za g\u00f6stermedi. Se\u00e7ilmi\u015f irade geri ad\u0131m atmad\u0131. Demokrasiye, hukuka ve milli iradeye sahip \u00e7\u0131k\u0131ld\u0131. Bug\u00fcn art\u0131k e-muht\u0131ralarla hizaya \u00e7ekilmek istenen bir T\u00fcrkiye&#x27;den, T\u00fcrkiye Y\u00fczy\u0131l\u0131 vizyonunu konu\u015fan, kendi hedeflerini kendi belirleyen, b\u00f6lgesinde ve d\u00fcnyada s\u00f6z sahibi olan g\u00fc\u00e7l\u00fc bir T\u00fcrkiye&#x27;ye ula\u015ft\u0131k. Bu b\u00fcy\u00fck y\u00fcr\u00fcy\u00fc\u015f, muhterem Cumhurba\u015fkan\u0131&#x27;m\u0131z Recep Tayyip Erdo\u011fan&#x27;\u0131n liderli\u011finde, milletimizin iradesiyle, demokrasiye olan sars\u0131lmaz ba\u011fl\u0131l\u0131\u011f\u0131yla m\u00fcmk\u00fcn olmu\u015ftur. 27 Nisan&#x27;\u0131 unutmad\u0131k. Vesayete boyun e\u011fmedik. Milli iradeden taviz vermedik. T\u00fcrkiye Y\u00fczy\u0131l\u0131&#x27;n\u0131 kararl\u0131l\u0131kla in\u015fa ediyoruz.&quot;<\/p>\n<p>T\u00fcrkiye g\u00fcndeminden son dakika haberleri, bug\u00fcn ya\u015fanan en son geli\u015fmeler, siyaset&#8230;<\/p>\n","protected":false},"excerpt":{"rendered":"<p>\u0130\u00e7i\u015fleri Bakan\u0131 Mustafa \u00c7ift\u00e7i, Bug\u00fcn art\u0131k e-muht\u0131ralarla hizaya \u00e7ekilmek istenen bir T\u00fcrkiye&#8217;den, T\u00fcrkiye Y\u00fczy\u0131l\u0131 vizyonunu konu\u015fan, kendi hedeflerini&#8230;<\/p>\n","protected":false},"author":2,"featured_media":29669,"comment_status":"open","ping_status":"open","sticky":false,"template":"","format":"standard","meta":{"footnotes":""},"categories":[8,6,5],"tags":[],"class_list":["post-29670","post","type-post","status-publish","format-standard","has-post-thumbnail","hentry","category-arsiv","category-gundem","category-son-dakika"],"_links":{"self":[{"href":"https:\/\/eskigazeteci.com\/index.php?rest_route=\/wp\/v2\/posts\/29670","targetHints":{"allow":["GET"]}}],"collection":[{"href":"https:\/\/eskigazeteci.com\/index.php?rest_route=\/wp\/v2\/posts"}],"about":[{"href":"https:\/\/eskigazeteci.com\/index.php?rest_route=\/wp\/v2\/types\/post"}],"author":[{"embeddable":true,"href":"https:\/\/eskigazeteci.com\/index.php?rest_route=\/wp\/v2\/users\/2"}],"replies":[{"embeddable":true,"href":"https:\/\/eskigazeteci.com\/index.php?rest_route=%2Fwp%2Fv2%2Fcomments&post=29670"}],"version-history":[{"count":0,"href":"https:\/\/eskigazeteci.com\/index.php?rest_route=\/wp\/v2\/posts\/29670\/revisions"}],"wp:featuredmedia":[{"embeddable":true,"href":"https:\/\/eskigazeteci.com\/index.php?rest_route=\/wp\/v2\/media\/29669"}],"wp:attachment":[{"href":"https:\/\/eskigazeteci.com\/index.php?rest_route=%2Fwp%2Fv2%2Fmedia&parent=29670"}],"wp:term":[{"taxonomy":"category","embeddable":true,"href":"https:\/\/eskigazeteci.com\/index.php?rest_route=%2Fwp%2Fv2%2Fcategories&post=29670"},{"taxonomy":"post_tag","embeddable":true,"href":"https:\/\/eskigazeteci.com\/index.php?rest_route=%2Fwp%2Fv2%2Ftags&post=29670"}],"curies":[{"name":"wp","href":"https:\/\/api.w.org\/{rel}","templated":true}]}}