{"id":29668,"date":"2026-04-27T15:42:52","date_gmt":"2026-04-27T15:42:52","guid":{"rendered":"https:\/\/eskigazeteci.com\/?p=29668"},"modified":"2026-04-27T15:42:52","modified_gmt":"2026-04-27T15:42:52","slug":"bakan-isikhan-oecd-ile-uyumlu-ve-beceri-temelli-butuncul-bir-yaklasimi-benimsiyoruz","status":"publish","type":"post","link":"https:\/\/eskigazeteci.com\/?p=29668","title":{"rendered":"Bakan I\u015f\u0131khan: OECD ile uyumlu ve beceri temelli b\u00fct\u00fcnc\u00fcl bir yakla\u015f\u0131m\u0131 benimsiyoruz"},"content":{"rendered":"<p>\u00c7al\u0131\u015fma ve Sosyal G\u00fcvenlik Bakanl\u0131\u011f\u0131n\u0131n ev sahipli\u011finde &quot;Nesiller Aras\u0131 Yetene\u011fin Ortaya \u00c7\u0131kar\u0131lmas\u0131&quot; temas\u0131yla Hali\u00e7 Kongre Merkezinde d\u00fczenlenen Ekonomik \u0130\u015fbirli\u011fi ve Kalk\u0131nma \u00d6rg\u00fct\u00fcn\u00fcn (OECD) Beceriler Zirvesi 2026, Cumhurba\u015fkan\u0131 Recep Tayyip Erdo\u011fan&#x27;\u0131n da kat\u0131l\u0131m\u0131yla yap\u0131ld\u0131.<\/p>\n<p>Bakan I\u015f\u0131khan, burada yapt\u0131\u011f\u0131 konu\u015fmada, zirveye ev sahipli\u011fi yapmaktan gurur ve heyecan duyduklar\u0131n\u0131, OECD taraf\u0131ndan 2016&#x27;da Norve\u00e7&#x27;te ba\u015flat\u0131lan Beceriler Zirvesi&#x27;nin 6&#x27;nc\u0131s\u0131na Portekiz, Slovenya, Kolombiya ve Bel\u00e7ika&#x27;n\u0131n ard\u0131ndan T\u00fcrkiye&#x27;nin ev sahipli\u011fi yapt\u0131\u011f\u0131n\u0131 s\u00f6yledi.<\/p>\n<p>I\u015f\u0131khan, T\u00fcrkiye&#x27;nin beceri politikalar\u0131nda kar\u015f\u0131l\u0131kl\u0131 \u00f6\u011frenme ve deneyim payla\u015f\u0131m\u0131n\u0131 merkeze alan g\u00fc\u00e7l\u00fc bir vizyonu bulundu\u011funa dikkati \u00e7ekerek, &quot;Gelece\u011fimizi belirleyen yeti\u015ftirdi\u011fimiz insan kayna\u011f\u0131 ve ona kazand\u0131rd\u0131\u011f\u0131m\u0131z becerilerdir. Bug\u00fcn burada her ya\u015ftan insan\u0131n potansiyelini hayata ge\u00e7irebildi\u011fi f\u0131rsatlar\u0131n ku\u015faklar aras\u0131nda adil bi\u00e7imde payla\u015f\u0131ld\u0131\u011f\u0131 ve kimsenin geride kalmad\u0131\u011f\u0131 bir gelece\u011fi birlikte in\u015fa etmek i\u00e7in bir araya gelmi\u015f bulunuyoruz.&quot; diye konu\u015ftu.<\/p>\n<p>D\u00fcnyan\u0131n ya\u015flanan n\u00fcfus, dijital ve ye\u015fil d\u00f6n\u00fc\u015f\u00fcm\u00fcn i\u00e7 i\u00e7e ge\u00e7ti\u011fi derin bir de\u011fi\u015fim s\u00fcrecinden ge\u00e7ti\u011fini dile getiren I\u015f\u0131khan, \u015f\u00f6yle devam etti:<\/p>\n<p>&quot;\u00d6n\u00fcm\u00fczdeki&#8230;<\/p>\n","protected":false},"excerpt":{"rendered":"<p>\u00c7al\u0131\u015fma ve Sosyal G\u00fcvenlik Bakan\u0131 Vedat I\u015f\u0131khan, T\u00fcrkiye&#8217;nin beceri ekosistemi sayg\u0131de\u011fer Cumhurba\u015fkan\u0131&#8217;m\u0131z\u0131n liderli\u011finde ehil ellerde ge\u00e7mi\u015fin tecr\u00fcbesi&#8230;<\/p>\n","protected":false},"author":2,"featured_media":29667,"comment_status":"open","ping_status":"open","sticky":false,"template":"","format":"standard","meta":{"footnotes":""},"categories":[6,5],"tags":[],"class_list":["post-29668","post","type-post","status-publish","format-standard","has-post-thumbnail","hentry","category-gundem","category-son-dakika"],"_links":{"self":[{"href":"https:\/\/eskigazeteci.com\/index.php?rest_route=\/wp\/v2\/posts\/29668","targetHints":{"allow":["GET"]}}],"collection":[{"href":"https:\/\/eskigazeteci.com\/index.php?rest_route=\/wp\/v2\/posts"}],"about":[{"href":"https:\/\/eskigazeteci.com\/index.php?rest_route=\/wp\/v2\/types\/post"}],"author":[{"embeddable":true,"href":"https:\/\/eskigazeteci.com\/index.php?rest_route=\/wp\/v2\/users\/2"}],"replies":[{"embeddable":true,"href":"https:\/\/eskigazeteci.com\/index.php?rest_route=%2Fwp%2Fv2%2Fcomments&post=29668"}],"version-history":[{"count":0,"href":"https:\/\/eskigazeteci.com\/index.php?rest_route=\/wp\/v2\/posts\/29668\/revisions"}],"wp:featuredmedia":[{"embeddable":true,"href":"https:\/\/eskigazeteci.com\/index.php?rest_route=\/wp\/v2\/media\/29667"}],"wp:attachment":[{"href":"https:\/\/eskigazeteci.com\/index.php?rest_route=%2Fwp%2Fv2%2Fmedia&parent=29668"}],"wp:term":[{"taxonomy":"category","embeddable":true,"href":"https:\/\/eskigazeteci.com\/index.php?rest_route=%2Fwp%2Fv2%2Fcategories&post=29668"},{"taxonomy":"post_tag","embeddable":true,"href":"https:\/\/eskigazeteci.com\/index.php?rest_route=%2Fwp%2Fv2%2Ftags&post=29668"}],"curies":[{"name":"wp","href":"https:\/\/api.w.org\/{rel}","templated":true}]}}