{"id":29650,"date":"2026-04-27T14:34:18","date_gmt":"2026-04-27T14:34:18","guid":{"rendered":"https:\/\/eskigazeteci.com\/?p=29650"},"modified":"2026-04-27T14:34:18","modified_gmt":"2026-04-27T14:34:18","slug":"ihtiyactan-degil-zevkten-calisiyorum-diyordu-miras-savasinda-yeni-cephe-acildi-dikkat-et-sonunda-milyonlar-da-gidecek","status":"publish","type":"post","link":"https:\/\/eskigazeteci.com\/?p=29650","title":{"rendered":"&#8216;\u0130htiya\u00e7tan de\u011fil, zevkten \u00e7al\u0131\u015f\u0131yorum&#8217; diyordu&#8230; Miras sava\u015f\u0131nda yeni cephe a\u00e7\u0131ld\u0131&#8230; &#8216;Dikkat et&#8230; Sonunda milyonlar da gidecek!&#8217;"},"content":{"rendered":"<p>Modellikten m\u00fczisyenli\u011fe t\u00fcrl\u00fc t\u00fcrl\u00fc i\u015fler yapan Paris&#x27;in ana ge\u00e7im kayna\u011f\u0131 babas\u0131ndan kalan milyon dolarl\u0131k miras. Birka\u00e7 y\u0131l \u00f6nce de zaten durumu k\u0131saca tek c\u00fcmleyle ifade etmi\u015fti.<\/p>\n<p>Asl\u0131nda ilk bak\u0131\u015fta haks\u0131z da de\u011fil Paris. \u00c7\u00fcnk\u00fc ortada \u00f6yle b\u00f6yle bir miras yoktu.<\/p>\n<p>Dile kolay&#8230;<\/p>\n<p>25 Haziran 2009&#x27;da daha 50 ya\u015f\u0131nda \u00f6ld\u00fc\u011f\u00fcnde geride 700 milyon dolarl\u0131k bir miras b\u0131rakt\u0131 Michael Jackson.<\/p>\n<p>B\u00f6yle bak\u0131ld\u0131\u011f\u0131nda 28 ya\u015f\u0131ndaki Paris, 24 ya\u015f\u0131ndaki Bigi ve 29 ya\u015f\u0131ndaki Prince Jacson&#x27;\u0131n ger\u00e7ekten de hi\u00e7 \u00e7al\u0131\u015fmadan rahat\u00e7a ya\u015fad\u0131\u011f\u0131 d\u00fc\u015f\u00fcn\u00fclebilir.<\/p>\n<p>Ama durum hi\u00e7 \u00f6yle de\u011fil.<\/p>\n<p>M\u0130RAS DAVASI \u0130\u00c7\u0130NDEN \u00c7IKILMAZ B\u0130R HALE GEL\u0130YOR Paris ve karde\u015flerine kalan bu miras\u0131n iki y\u00f6neticisi var. Onlar da y\u0131llardan bu yana bu b\u00fcy\u00fck miras\u0131 de\u011ferlendirirken di\u011fer yandan da \u00fc\u00e7 karde\u015fe y\u0131ll\u0131k 8 milyon dolar da\u011f\u0131t\u0131yor.<\/p>\n<p>Ama Paris Jackson, bu durumdan memnun de\u011fil.<\/p>\n<p>Miras y\u00f6neticilerinin, iyi bir performans sergilemedi\u011fini, tam tersine kendi kasalar\u0131n\u0131 doldurarak \u00e7\u0131kar elde ettiklerini ileri s\u00fcrerek bir dava a\u00e7t\u0131.<\/p>\n<p>S\u00f6z konusu dava ise giderek k\u0131z\u0131\u015f\u0131yor ve i\u00e7inden \u00e7\u0131k\u0131lmaz hale geliyor.<\/p>\n<p>JACKSON A\u0130LES\u0130: &quot;M\u0130LYONLAR KAYBEDECE\u011e\u0130Z&quot; END\u0130\u015eES\u0130NDE \u00dcstelik bu durum bir yandan Paris Jackson&#x27;\u0131 ruhsal olarak y\u0131prat\u0131rken di\u011fer&#8230;<\/p>\n","protected":false},"excerpt":{"rendered":"<p>\u00c7al\u0131\u015fmasam da olur&#8230; Babamdan kalan mirasla ya\u015far\u0131m&#8230; Bu s\u00f6zler, pop m\u00fczi\u011fin prensi olarak an\u0131lan Michael Jackson&#8217;\u0131n \u00fc\u00e7 \u00e7ocu\u011fundan biri olan Paris&#8230;<\/p>\n","protected":false},"author":2,"featured_media":29649,"comment_status":"open","ping_status":"open","sticky":false,"template":"","format":"standard","meta":{"footnotes":""},"categories":[8,6,5],"tags":[],"class_list":["post-29650","post","type-post","status-publish","format-standard","has-post-thumbnail","hentry","category-arsiv","category-gundem","category-son-dakika"],"_links":{"self":[{"href":"https:\/\/eskigazeteci.com\/index.php?rest_route=\/wp\/v2\/posts\/29650","targetHints":{"allow":["GET"]}}],"collection":[{"href":"https:\/\/eskigazeteci.com\/index.php?rest_route=\/wp\/v2\/posts"}],"about":[{"href":"https:\/\/eskigazeteci.com\/index.php?rest_route=\/wp\/v2\/types\/post"}],"author":[{"embeddable":true,"href":"https:\/\/eskigazeteci.com\/index.php?rest_route=\/wp\/v2\/users\/2"}],"replies":[{"embeddable":true,"href":"https:\/\/eskigazeteci.com\/index.php?rest_route=%2Fwp%2Fv2%2Fcomments&post=29650"}],"version-history":[{"count":0,"href":"https:\/\/eskigazeteci.com\/index.php?rest_route=\/wp\/v2\/posts\/29650\/revisions"}],"wp:featuredmedia":[{"embeddable":true,"href":"https:\/\/eskigazeteci.com\/index.php?rest_route=\/wp\/v2\/media\/29649"}],"wp:attachment":[{"href":"https:\/\/eskigazeteci.com\/index.php?rest_route=%2Fwp%2Fv2%2Fmedia&parent=29650"}],"wp:term":[{"taxonomy":"category","embeddable":true,"href":"https:\/\/eskigazeteci.com\/index.php?rest_route=%2Fwp%2Fv2%2Fcategories&post=29650"},{"taxonomy":"post_tag","embeddable":true,"href":"https:\/\/eskigazeteci.com\/index.php?rest_route=%2Fwp%2Fv2%2Ftags&post=29650"}],"curies":[{"name":"wp","href":"https:\/\/api.w.org\/{rel}","templated":true}]}}