{"id":29648,"date":"2026-04-27T14:32:46","date_gmt":"2026-04-27T14:32:46","guid":{"rendered":"https:\/\/eskigazeteci.com\/?p=29648"},"modified":"2026-04-27T14:32:46","modified_gmt":"2026-04-27T14:32:46","slug":"kurban-fiyatlari-2026-canli-kilo-koyun-dana-keci-buyukbas-kucukbas-kurban-fiyatlari-ne-kadar","status":"publish","type":"post","link":"https:\/\/eskigazeteci.com\/?p=29648","title":{"rendered":"KURBAN F\u0130YATLARI 2026 CANLI K\u0130LO: Koyun, dana, ke\u00e7i, b\u00fcy\u00fckba\u015f, k\u00fc\u00e7\u00fckba\u015f kurban fiyatlar\u0131 ne kadar?"},"content":{"rendered":"<p>Kurban Bayram\u0131 2026 i\u00e7in geri say\u0131m ba\u015flarken, kurbanl\u0131k fiyatlar\u0131 canl\u0131 kilo fiyat\u0131 koyun, dana ve ke\u00e7i i\u00e7in merak konusu oldu. Kurbanl\u0131k fiyatlar\u0131 ve kurban kesim bedeli ne kadar sorusu yan\u0131t buldu. K\u00fc\u00e7\u00fckba\u015f ve b\u00fcy\u00fckba\u015f canl\u0131 kurban fiyatlar\u0131 hakk\u0131nda bilgi edinmek isteyen pek \u00e7ok vatanda\u015f, pazara gitmeden \u00f6nce internet \u00fczerinden ara\u015ft\u0131rmalar\u0131n\u0131 ger\u00e7ekle\u015ftiriyor. Di\u011fer taraftan yurt d\u0131\u015f\u0131 2026 kurban bedel fiyat\u0131n\u0131 a\u00e7\u0131klad\u0131. Vekaletle kurban kesme ibadetini ger\u00e7ekle\u015ftirecekler de kurban kesime bedelini ara\u015ft\u0131r\u0131yor. Diyanet ve K\u0131z\u0131lay&#x27;\u0131n vekaletle kurban kesim bedelleri belli oldu. Peki b\u00fcy\u00fckba\u015f ve k\u00fc\u00e7\u00fckba\u015f kurbanl\u0131k fiyatlar\u0131 bu sene ne kadar, kilo fiyat\u0131 ka\u00e7 TL? Diyanet ve K\u0131z\u0131lay Kurban kesim bedeli ne kadar 2026? \u0130\u015fte, o detaylar<\/p>\n<p>Sivas&#x27;ta kurbanl\u0131k k\u00fc\u00e7\u00fckba\u015f ve b\u00fcy\u00fckba\u015f hayvan fiyatlar\u0131 belirlendi. Sivas Ticaret Borsas\u0131ndan yap\u0131lan a\u00e7\u0131klamaya g\u00f6re, Ba\u015fkan Hayrullah Karakaya, Kurban Bayram\u0131 \u00f6ncesi kentteki besiciler ve kombina sahipleriyle toplant\u0131 yapt\u0131. Toplant\u0131n\u0131n ard\u0131ndan kurbanl\u0131k fiyatlar\u0131yla ilgili bilgi veren Karakaya, tosun canl\u0131 kilogram fiyat\u0131n\u0131 510 lira, dam\u0131zl\u0131k vasf\u0131n\u0131 kaybetmi\u015f ine\u011fin ise canl\u0131 kilogram fiyat\u0131n\u0131 475 lira, di\u015fi koyunun 350 lira, ko\u00e7un ise 450&#8230;<\/p>\n","protected":false},"excerpt":{"rendered":"<p>Kurban fiyatlar\u0131 2026, bayram yakla\u015f\u0131rken g\u00fcndemde yer al\u0131yor. Kurban bayram\u0131 \u00f6ncesi b\u00fcy\u00fckba\u015f-k\u00fc\u00e7\u00fckba\u015f hayvan fiyatlar\u0131 internet \u00fczerinden ara\u015ft\u0131r\u0131l\u0131yor&#8230;.<\/p>\n","protected":false},"author":2,"featured_media":29647,"comment_status":"open","ping_status":"open","sticky":false,"template":"","format":"standard","meta":{"footnotes":""},"categories":[8,6,5],"tags":[],"class_list":["post-29648","post","type-post","status-publish","format-standard","has-post-thumbnail","hentry","category-arsiv","category-gundem","category-son-dakika"],"_links":{"self":[{"href":"https:\/\/eskigazeteci.com\/index.php?rest_route=\/wp\/v2\/posts\/29648","targetHints":{"allow":["GET"]}}],"collection":[{"href":"https:\/\/eskigazeteci.com\/index.php?rest_route=\/wp\/v2\/posts"}],"about":[{"href":"https:\/\/eskigazeteci.com\/index.php?rest_route=\/wp\/v2\/types\/post"}],"author":[{"embeddable":true,"href":"https:\/\/eskigazeteci.com\/index.php?rest_route=\/wp\/v2\/users\/2"}],"replies":[{"embeddable":true,"href":"https:\/\/eskigazeteci.com\/index.php?rest_route=%2Fwp%2Fv2%2Fcomments&post=29648"}],"version-history":[{"count":0,"href":"https:\/\/eskigazeteci.com\/index.php?rest_route=\/wp\/v2\/posts\/29648\/revisions"}],"wp:featuredmedia":[{"embeddable":true,"href":"https:\/\/eskigazeteci.com\/index.php?rest_route=\/wp\/v2\/media\/29647"}],"wp:attachment":[{"href":"https:\/\/eskigazeteci.com\/index.php?rest_route=%2Fwp%2Fv2%2Fmedia&parent=29648"}],"wp:term":[{"taxonomy":"category","embeddable":true,"href":"https:\/\/eskigazeteci.com\/index.php?rest_route=%2Fwp%2Fv2%2Fcategories&post=29648"},{"taxonomy":"post_tag","embeddable":true,"href":"https:\/\/eskigazeteci.com\/index.php?rest_route=%2Fwp%2Fv2%2Ftags&post=29648"}],"curies":[{"name":"wp","href":"https:\/\/api.w.org\/{rel}","templated":true}]}}