{"id":29646,"date":"2026-04-27T14:22:46","date_gmt":"2026-04-27T14:22:46","guid":{"rendered":"https:\/\/eskigazeteci.com\/?p=29646"},"modified":"2026-04-27T14:22:46","modified_gmt":"2026-04-27T14:22:46","slug":"mac-programi-27-nisan-2026","status":"publish","type":"post","link":"https:\/\/eskigazeteci.com\/?p=29646","title":{"rendered":"Ma\u00e7 program\u0131 27 Nisan 2026"},"content":{"rendered":"<p>Bug\u00fcn futbolda haftan\u0131n kapan\u0131\u015f m\u00fccadeleleri ekranlara gelecek. 27 Nisan ma\u00e7 program\u0131 ve saatleri de bu sebeple merak ediliyor. Haftan\u0131n kapan\u0131\u015f m\u00fcsabakalar\u0131n\u0131n damga vurdu\u011fu bug\u00fcnk\u00fc ma\u00e7 takviminde, hem Trendyol S\u00fcper Lig hem de Premier Lig, La Liga ve Serie A gibi dev arenalarda puan m\u00fccadelesi devam ederken sporseverler &quot;Bug\u00fcn kimin ma\u00e7\u0131 var?&quot; sorusuna yan\u0131t ar\u0131yor. \u0130\u015fte 27 Nisan Pazartesi ma\u00e7 program\u0131!<\/p>\n<p>Bug\u00fcn futbolda haftan\u0131n kapan\u0131\u015f m\u00fccadeleleri ekranlara gelecek. 27 Nisan ma\u00e7 program\u0131 ve saatleri de bu sebeple merak ediliyor. Haftan\u0131n kapan\u0131\u015f m\u00fcsabakalar\u0131n\u0131n damga vurdu\u011fu bug\u00fcnk\u00fc ma\u00e7 takviminde, hem Trendyol S\u00fcper Lig hem de Premier Lig, La Liga ve Serie A gibi dev arenalarda puan m\u00fccadelesi devam ederken sporseverler &quot;Bug\u00fcn kimin ma\u00e7\u0131 var?&quot; sorusuna yan\u0131t ar\u0131yor. \u0130\u015fte 27 Nisan Pazartesi ma\u00e7 program\u0131!<\/p>\n<p>S\u00fcper Lig 17:00 | Alanyaspor &#8211; Samsunspor | Yay\u0131n: beIN SPORTS 1 20:00 | Konyaspor &#8211; Trabzonspor | Yay\u0131n: beIN SPORTS 1 20:00 | Be\u015fikta\u015f &#8211; Fatih Karag\u00fcmr\u00fck | Yay\u0131n: beIN SPORTS 2<\/p>\n<p>S\u00fcper Lig<\/p>\n<p>17:00 | Alanyaspor &#8211; Samsunspor | Yay\u0131n: beIN SPORTS 1<\/p>\n<p>20:00 | Konyaspor &#8211; Trabzonspor | Yay\u0131n: beIN SPORTS 1<\/p>\n<p>20:00 | Be\u015fikta\u015f &#8211; Fatih Karag\u00fcmr\u00fck | Yay\u0131n: beIN SPORTS 2<\/p>\n<p>\u0130ngiltere -&#8230;<\/p>\n","protected":false},"excerpt":{"rendered":"<p>27 Nisan ma\u00e7 program\u0131 ve saatleri belli oldu. Avrupa liglerinde \u015fampiyonluk yar\u0131\u015f\u0131n\u0131n k\u0131z\u0131\u015ft\u0131\u011f\u0131, k\u00fcme d\u00fc\u015fme hatt\u0131nda ise kritik virajlar\u0131n d\u00f6n\u00fcld\u00fc\u011f\u00fc 27 Nisan&#8230;<\/p>\n","protected":false},"author":2,"featured_media":29645,"comment_status":"open","ping_status":"open","sticky":false,"template":"","format":"standard","meta":{"footnotes":""},"categories":[8,5,7],"tags":[],"class_list":["post-29646","post","type-post","status-publish","format-standard","has-post-thumbnail","hentry","category-arsiv","category-son-dakika","category-spor"],"_links":{"self":[{"href":"https:\/\/eskigazeteci.com\/index.php?rest_route=\/wp\/v2\/posts\/29646","targetHints":{"allow":["GET"]}}],"collection":[{"href":"https:\/\/eskigazeteci.com\/index.php?rest_route=\/wp\/v2\/posts"}],"about":[{"href":"https:\/\/eskigazeteci.com\/index.php?rest_route=\/wp\/v2\/types\/post"}],"author":[{"embeddable":true,"href":"https:\/\/eskigazeteci.com\/index.php?rest_route=\/wp\/v2\/users\/2"}],"replies":[{"embeddable":true,"href":"https:\/\/eskigazeteci.com\/index.php?rest_route=%2Fwp%2Fv2%2Fcomments&post=29646"}],"version-history":[{"count":0,"href":"https:\/\/eskigazeteci.com\/index.php?rest_route=\/wp\/v2\/posts\/29646\/revisions"}],"wp:featuredmedia":[{"embeddable":true,"href":"https:\/\/eskigazeteci.com\/index.php?rest_route=\/wp\/v2\/media\/29645"}],"wp:attachment":[{"href":"https:\/\/eskigazeteci.com\/index.php?rest_route=%2Fwp%2Fv2%2Fmedia&parent=29646"}],"wp:term":[{"taxonomy":"category","embeddable":true,"href":"https:\/\/eskigazeteci.com\/index.php?rest_route=%2Fwp%2Fv2%2Fcategories&post=29646"},{"taxonomy":"post_tag","embeddable":true,"href":"https:\/\/eskigazeteci.com\/index.php?rest_route=%2Fwp%2Fv2%2Ftags&post=29646"}],"curies":[{"name":"wp","href":"https:\/\/api.w.org\/{rel}","templated":true}]}}