{"id":29642,"date":"2026-04-27T14:02:42","date_gmt":"2026-04-27T14:02:42","guid":{"rendered":"https:\/\/eskigazeteci.com\/?p=29642"},"modified":"2026-04-27T14:02:42","modified_gmt":"2026-04-27T14:02:42","slug":"bakan-gurlek-kaynagi-belli-olmayan-parayla-mucadelemiz-devam-edecek","status":"publish","type":"post","link":"https:\/\/eskigazeteci.com\/?p=29642","title":{"rendered":"Bakan G\u00fcrlek: Kayna\u011f\u0131 belli olmayan parayla m\u00fccadelemiz devam edecek"},"content":{"rendered":"<p>G\u00fcrlek, M\u00dcS\u0130AD Genel Merkezi&#x27;nde d\u00fczenlenen &quot;Ticaret ve Yat\u0131r\u0131mda Hukuki G\u00fcvence Zirvesi&quot;nde yapt\u0131\u011f\u0131 konu\u015fmada, T\u00fcrkiye&#x27;nin ekonomide kaydetti\u011fi b\u00fcy\u00fcmenin sadece b\u00f6lgede de\u011fil d\u00fcnyada da takdirle kar\u015f\u0131land\u0131\u011f\u0131n\u0131 kaydetti.<\/p>\n<p>Kuruldu\u011fu g\u00fcnden bug\u00fcne M\u00dcS\u0130AD&#x27;\u0131n \u00fcretmeyi, sorumluluk almay\u0131 tercih etti\u011fini ve t\u00fcm engellemelere ra\u011fmen \u00fclke ekonomisine katk\u0131 sunmay\u0131 vazife olarak g\u00f6rd\u00fc\u011f\u00fcne \u015fahitlik ettiklerini kaydeden G\u00fcrlek, M\u00dcS\u0130AD&#x27;\u0131n T\u00fcrkiye i\u00e7in medar\u0131iftihar oldu\u011funu s\u00f6yledi.<\/p>\n<p>\u00dclkenin can damar\u0131 olan reel sekt\u00f6r\u00fcn g\u00fc\u00e7l\u00fc, s\u00fcrd\u00fcr\u00fclebilir ve \u00f6ng\u00f6r\u00fclebilir bir hukuki zemin \u00fczerine faaliyet g\u00f6stermesinin ekonomik istikrar\u0131n en temel unsurlar\u0131ndan biri oldu\u011funu kaydeden G\u00fcrlek, &quot;Sermayenin, \u00fcretimin ve kalk\u0131nman\u0131n en b\u00fcy\u00fck g\u00fcvencesi \u00f6ng\u00f6r\u00fclebilir, g\u00fcvenilir ve ayn\u0131 zamanda h\u0131zl\u0131 i\u015fleyen bir hukuk sistemidir. Sermaye duygularla de\u011fil, g\u00fcvenle hareket eden, yat\u0131r\u0131mc\u0131y\u0131 cezbeden te\u015fviklerdir ama onu \u00fclkede tutan hukuki g\u00fcvencedir. Bu anlay\u0131\u015fla Adalet Bakanl\u0131\u011f\u0131 olarak temel yakla\u015f\u0131m\u0131m\u0131z \u00fcreten, yat\u0131r\u0131m yapan, istihdam sa\u011flayan herkesin hukuki g\u00fcven i\u00e7erisinde faaliyet g\u00f6sterebilece\u011fi, \u00fclkemizin hukuki zeminini daha g\u00fc\u00e7l\u00fc, daha h\u0131zl\u0131 ve g\u00fcvenli hale getirmektir.&quot; ifadelerini kulland\u0131.<\/p>\n<p>Bakan&#8230;<\/p>\n","protected":false},"excerpt":{"rendered":"<p>Adalet Bakan\u0131 Ak\u0131n G\u00fcrlek, Bizim \u00f6nceli\u011fimiz i\u015f d\u00fcnyas\u0131n\u0131n zaman\u0131n\u0131 mahkeme koridorlar\u0131nda de\u011fil, \u00fcretim sahalar\u0131nda harcamas\u0131n\u0131 sa\u011flamakt\u0131r. Bizim hedefimiz&#8230;<\/p>\n","protected":false},"author":2,"featured_media":29641,"comment_status":"open","ping_status":"open","sticky":false,"template":"","format":"standard","meta":{"footnotes":""},"categories":[8,6,5],"tags":[],"class_list":["post-29642","post","type-post","status-publish","format-standard","has-post-thumbnail","hentry","category-arsiv","category-gundem","category-son-dakika"],"_links":{"self":[{"href":"https:\/\/eskigazeteci.com\/index.php?rest_route=\/wp\/v2\/posts\/29642","targetHints":{"allow":["GET"]}}],"collection":[{"href":"https:\/\/eskigazeteci.com\/index.php?rest_route=\/wp\/v2\/posts"}],"about":[{"href":"https:\/\/eskigazeteci.com\/index.php?rest_route=\/wp\/v2\/types\/post"}],"author":[{"embeddable":true,"href":"https:\/\/eskigazeteci.com\/index.php?rest_route=\/wp\/v2\/users\/2"}],"replies":[{"embeddable":true,"href":"https:\/\/eskigazeteci.com\/index.php?rest_route=%2Fwp%2Fv2%2Fcomments&post=29642"}],"version-history":[{"count":0,"href":"https:\/\/eskigazeteci.com\/index.php?rest_route=\/wp\/v2\/posts\/29642\/revisions"}],"wp:featuredmedia":[{"embeddable":true,"href":"https:\/\/eskigazeteci.com\/index.php?rest_route=\/wp\/v2\/media\/29641"}],"wp:attachment":[{"href":"https:\/\/eskigazeteci.com\/index.php?rest_route=%2Fwp%2Fv2%2Fmedia&parent=29642"}],"wp:term":[{"taxonomy":"category","embeddable":true,"href":"https:\/\/eskigazeteci.com\/index.php?rest_route=%2Fwp%2Fv2%2Fcategories&post=29642"},{"taxonomy":"post_tag","embeddable":true,"href":"https:\/\/eskigazeteci.com\/index.php?rest_route=%2Fwp%2Fv2%2Ftags&post=29642"}],"curies":[{"name":"wp","href":"https:\/\/api.w.org\/{rel}","templated":true}]}}