{"id":29640,"date":"2026-04-27T13:45:46","date_gmt":"2026-04-27T13:45:46","guid":{"rendered":"https:\/\/eskigazeteci.com\/?p=29640"},"modified":"2026-04-27T13:45:46","modified_gmt":"2026-04-27T13:45:46","slug":"putinden-arakci-ile-kritik-zirve-sonrasi-ilk-aciklama","status":"publish","type":"post","link":"https:\/\/eskigazeteci.com\/?p=29640","title":{"rendered":"Putin&#8217;den Arak\u00e7i ile kritik zirve sonras\u0131 ilk a\u00e7\u0131klama"},"content":{"rendered":"<p>\u0130ran D\u0131\u015fi\u015fleri Bakan\u0131 Abbas Arak\u00e7i, Moskova&#x27;ya ger\u00e7ekle\u015ftirdi\u011fi resmi ziyaret kapsam\u0131nda Rusya Devlet Ba\u015fkan\u0131 Vladimir Putin ile bir araya geldi.<\/p>\n<p>Putin ve Arak\u00e7i&#x27;nin iki \u00fclke aras\u0131ndaki i\u015fbirli\u011fi ile ABD ve \u0130ran aras\u0131ndaki ate\u015fkesi de\u011ferlendirdi\u011fi kaydedildi.<\/p>\n<p>Putin, Arak\u00e7i ile g\u00f6r\u00fc\u015fmesinin ard\u0131ndan yapt\u0131\u011f\u0131 a\u00e7\u0131klamada, &quot;Rusya, Orta Do\u011fu\u2019da bar\u0131\u015f\u0131n m\u00fcmk\u00fcn olan en k\u0131sa s\u00fcrede sa\u011flanmas\u0131 i\u00e7in elinden gelen her \u015feyi yapacakt\u0131r&quot; ifadelerini kulland\u0131.<\/p>\n<p>Rusya&#x27;n\u0131n, \u0130ran halk\u0131n\u0131n bu zorlu d\u00f6nemini atlataca\u011f\u0131n\u0131 ve bar\u0131\u015f\u0131n sa\u011flanaca\u011f\u0131n\u0131 umdu\u011funu kaydeden Putin, &quot;\u0130ran halk\u0131n\u0131n ba\u011f\u0131ms\u0131zl\u0131\u011f\u0131 ve egemenli\u011fi i\u00e7in ne kadar cesur ve kahramanca m\u00fccadele etti\u011fini g\u00f6r\u00fcyoruz&quot; diye konu\u015ftu.<\/p>\n<p>Yurtd\u0131\u015f\u0131nda ya\u015fanan en son olaylar, d\u00fcnya g\u00fcndemine oturan d\u0131\u015f haberler, son dakika d\u00fcnya haberleri, di\u011fer d\u00fcnya \u00fclkelerinden g\u00fcncel haberler i\u00e7in T\u00fcrkiye&#x27;nin haber sitesi hurriyet.com.tr; Hurriyet.com.tr haber i\u00e7erikleri kaynak g\u00f6sterilmeden al\u0131nt\u0131 yap\u0131lamaz, Kanuna ayk\u0131r\u0131 ve izinsiz olarak kopyalanamaz, ba\u015fka yerde yay\u0131nlanamaz.<\/p>\n","protected":false},"excerpt":{"rendered":"<p>Rusya Devlet Ba\u015fkan\u0131 Vladimir Putin \u0130ran D\u0131\u015fi\u015fleri Bakan\u0131 Abbas Arak\u00e7i ile g\u00f6r\u00fc\u015fmesinde, Rusya, Orta Do\u011fu\u2019da bar\u0131\u015f\u0131n m\u00fcmk\u00fcn olan en k\u0131sa s\u00fcrede sa\u011flanmas\u0131&#8230;<\/p>\n","protected":false},"author":2,"featured_media":29639,"comment_status":"open","ping_status":"open","sticky":false,"template":"","format":"standard","meta":{"footnotes":""},"categories":[8,6,5],"tags":[],"class_list":["post-29640","post","type-post","status-publish","format-standard","has-post-thumbnail","hentry","category-arsiv","category-gundem","category-son-dakika"],"_links":{"self":[{"href":"https:\/\/eskigazeteci.com\/index.php?rest_route=\/wp\/v2\/posts\/29640","targetHints":{"allow":["GET"]}}],"collection":[{"href":"https:\/\/eskigazeteci.com\/index.php?rest_route=\/wp\/v2\/posts"}],"about":[{"href":"https:\/\/eskigazeteci.com\/index.php?rest_route=\/wp\/v2\/types\/post"}],"author":[{"embeddable":true,"href":"https:\/\/eskigazeteci.com\/index.php?rest_route=\/wp\/v2\/users\/2"}],"replies":[{"embeddable":true,"href":"https:\/\/eskigazeteci.com\/index.php?rest_route=%2Fwp%2Fv2%2Fcomments&post=29640"}],"version-history":[{"count":0,"href":"https:\/\/eskigazeteci.com\/index.php?rest_route=\/wp\/v2\/posts\/29640\/revisions"}],"wp:featuredmedia":[{"embeddable":true,"href":"https:\/\/eskigazeteci.com\/index.php?rest_route=\/wp\/v2\/media\/29639"}],"wp:attachment":[{"href":"https:\/\/eskigazeteci.com\/index.php?rest_route=%2Fwp%2Fv2%2Fmedia&parent=29640"}],"wp:term":[{"taxonomy":"category","embeddable":true,"href":"https:\/\/eskigazeteci.com\/index.php?rest_route=%2Fwp%2Fv2%2Fcategories&post=29640"},{"taxonomy":"post_tag","embeddable":true,"href":"https:\/\/eskigazeteci.com\/index.php?rest_route=%2Fwp%2Fv2%2Ftags&post=29640"}],"curies":[{"name":"wp","href":"https:\/\/api.w.org\/{rel}","templated":true}]}}