{"id":29638,"date":"2026-04-27T13:44:13","date_gmt":"2026-04-27T13:44:13","guid":{"rendered":"https:\/\/eskigazeteci.com\/?p=29638"},"modified":"2026-04-27T13:44:13","modified_gmt":"2026-04-27T13:44:13","slug":"irandan-turkiye-ve-bazi-onemli-destinasyonlara-ucuslar-yeniden-basladi","status":"publish","type":"post","link":"https:\/\/eskigazeteci.com\/?p=29638","title":{"rendered":"\u0130ran&#8217;dan T\u00fcrkiye ve baz\u0131 \u00f6nemli destinasyonlara u\u00e7u\u015flar yeniden ba\u015flad\u0131"},"content":{"rendered":"<p>Fars Haber Ajans\u0131&#x27;na g\u00f6re, ba\u015fkent Tahran&#x27;daki Uluslararas\u0131 \u0130mam Humeyni Havaliman\u0131 Genel M\u00fcd\u00fcr\u00fc Ka\u015fif Azer yeniden ba\u015flayan u\u00e7ak seferlerine ili\u015fkin bilgi verdi.<\/p>\n<p>Azer, &quot;\u0130stanbul, Necef, Maskat ve Pekin gibi baz\u0131 \u00f6nemli uluslararas\u0131 destinasyonlara u\u00e7u\u015flar yeniden ba\u015flat\u0131ld\u0131.&quot; dedi.<\/p>\n<p>Bu listeye zamanla yeni destinasyonlar\u0131n da eklenece\u011fini ifade eden \u0130ranl\u0131 yetkili, yabanc\u0131 hava yolu \u015firketlerinin \u0130ran&#x27;a d\u00f6n\u00fc\u015f\u00fc i\u00e7in g\u00f6r\u00fc\u015fmelerin s\u00fcrd\u00fc\u011f\u00fcn\u00fc, bu s\u00fcrecin \u00fclkenin b\u00f6lgedeki havac\u0131l\u0131k konumunu g\u00fc\u00e7lendirebilece\u011fini kaydetti.<\/p>\n<p>\u0130ran Sivil Havac\u0131l\u0131k Kurumu taraf\u0131ndan 20 Nisan&#x27;da yap\u0131lan a\u00e7\u0131klamada, Me\u015fhed Havaliman\u0131\u2019ndan uluslararas\u0131 u\u00e7ak seferlerine ili\u015fkin bilet sat\u0131\u015f\u0131na izin vermesiyle birlikte, Me\u015fhed-\u0130stanbul seferinin 21 Nisan&#x27;da ger\u00e7ekle\u015ftirilece\u011fini duyurmu\u015ftu.<\/p>\n<p>ABD ve \u0130srail&#x27;in \u015fubat ay\u0131 sonunda \u0130ran&#x27;a ba\u015flatt\u0131\u011f\u0131 sald\u0131r\u0131larda, baz\u0131 havalimanlar\u0131 hasar g\u00f6r\u00fcrken, \u00fclkede t\u00fcm u\u00e7ak seferleri durmu\u015ftu.<\/p>\n<p>Yurtd\u0131\u015f\u0131nda ya\u015fanan en son olaylar, d\u00fcnya g\u00fcndemine oturan d\u0131\u015f haberler, son dakika d\u00fcnya haberleri, di\u011fer d\u00fcnya \u00fclkelerinden g\u00fcncel haberler i\u00e7in T\u00fcrkiye&#x27;nin haber sitesi hurriyet.com.tr; Hurriyet.com.tr haber i\u00e7erikleri kaynak g\u00f6sterilmeden al\u0131nt\u0131 yap\u0131lamaz, Kanuna ayk\u0131r\u0131 ve izinsiz&#8230;<\/p>\n","protected":false},"excerpt":{"rendered":"<p>\u0130ran&#8217;dan \u0130stanbul, Necef, Maskat ve Pekin gibi baz\u0131 \u00f6nemli uluslararas\u0131 destinasyonlara u\u00e7u\u015flar\u0131n yeniden ba\u015flad\u0131\u011f\u0131 kaydedildi.<\/p>\n","protected":false},"author":2,"featured_media":29637,"comment_status":"open","ping_status":"open","sticky":false,"template":"","format":"standard","meta":{"footnotes":""},"categories":[8,6,5],"tags":[],"class_list":["post-29638","post","type-post","status-publish","format-standard","has-post-thumbnail","hentry","category-arsiv","category-gundem","category-son-dakika"],"_links":{"self":[{"href":"https:\/\/eskigazeteci.com\/index.php?rest_route=\/wp\/v2\/posts\/29638","targetHints":{"allow":["GET"]}}],"collection":[{"href":"https:\/\/eskigazeteci.com\/index.php?rest_route=\/wp\/v2\/posts"}],"about":[{"href":"https:\/\/eskigazeteci.com\/index.php?rest_route=\/wp\/v2\/types\/post"}],"author":[{"embeddable":true,"href":"https:\/\/eskigazeteci.com\/index.php?rest_route=\/wp\/v2\/users\/2"}],"replies":[{"embeddable":true,"href":"https:\/\/eskigazeteci.com\/index.php?rest_route=%2Fwp%2Fv2%2Fcomments&post=29638"}],"version-history":[{"count":0,"href":"https:\/\/eskigazeteci.com\/index.php?rest_route=\/wp\/v2\/posts\/29638\/revisions"}],"wp:featuredmedia":[{"embeddable":true,"href":"https:\/\/eskigazeteci.com\/index.php?rest_route=\/wp\/v2\/media\/29637"}],"wp:attachment":[{"href":"https:\/\/eskigazeteci.com\/index.php?rest_route=%2Fwp%2Fv2%2Fmedia&parent=29638"}],"wp:term":[{"taxonomy":"category","embeddable":true,"href":"https:\/\/eskigazeteci.com\/index.php?rest_route=%2Fwp%2Fv2%2Fcategories&post=29638"},{"taxonomy":"post_tag","embeddable":true,"href":"https:\/\/eskigazeteci.com\/index.php?rest_route=%2Fwp%2Fv2%2Ftags&post=29638"}],"curies":[{"name":"wp","href":"https:\/\/api.w.org\/{rel}","templated":true}]}}