{"id":29636,"date":"2026-04-27T13:42:41","date_gmt":"2026-04-27T13:42:41","guid":{"rendered":"https:\/\/eskigazeteci.com\/?p=29636"},"modified":"2026-04-27T13:42:41","modified_gmt":"2026-04-27T13:42:41","slug":"canli-anlatim-alanyaspor-4","status":"publish","type":"post","link":"https:\/\/eskigazeteci.com\/?p=29636","title":{"rendered":"Canl\u0131 anlat\u0131m: Alanyaspor"},"content":{"rendered":"<p>Alanyaspor, S\u00fcper Lig \u2019in 31. haftas\u0131nda Samsunspor\u2019u konuk ediyor.<\/p>\n<p>CANLI ANLATIM<\/p>\n<p>Alanyaspor 0-0 Samsunspor<\/p>\n<p>Kar\u015f\u0131la\u015fma hen\u00fcz ba\u015flamad\u0131&#8230;<\/p>\n<p>\u0130LK 11&#x27;LER<\/p>\n<p>Alanyaspor: Victor, Duarte, \u00dcmit, Fatih, Hadergjonaj, Lima, \u0130brahim, Janvier, Mounie, Maestro, Hwang.<\/p>\n<p>Samsunspor: \u0130rfan Can, Borevkovic, Yunus Emre, Badra, Mendes, Yal\u00e7\u0131n, Ntcham, Soner, Elayis, Holse, Mouandilmadji.<\/p>\n<p>ALANYASPOR &#8211; SAMSUNSPOR MA\u00c7I NE ZAMAN, SAAT KA\u00c7TA, HANG\u0130 KANALDA?<\/p>\n<p>Alanyaspor &#8211; Samsunspor saat 17.00&#x27;de ba\u015flayacak ve beIN SPORTS 1 ekranlar\u0131ndan yay\u0131nlanacak.<\/p>\n<p>T\u00fcrkiye&#x27;den ve D\u00fcnya\u2019dan son dakika haberleri, k\u00f6\u015fe yaz\u0131lar\u0131, magazinden siyasete, spordan seyahate b\u00fct\u00fcn konular\u0131n tek adresi Hurriyet.com.tr haber i\u00e7erikleri izin al\u0131nmadan, kaynak g\u00f6sterilerek dahi iktibas edilemez. Kanuna ayk\u0131r\u0131 ve izinsiz olarak kopyalanamaz, ba\u015fka yerde yay\u0131nlanamaz.<\/p>\n","protected":false},"excerpt":{"rendered":"<p>S\u00fcper Lig&#8217;in 31. haftas\u0131nda Alanyaspor ile Samsunspor kar\u015f\u0131 kar\u015f\u0131ya geliyor. M\u00fcsabakay\u0131 Spor Arena\u2019dan takip edebilirsiniz.<\/p>\n","protected":false},"author":2,"featured_media":29635,"comment_status":"open","ping_status":"open","sticky":false,"template":"","format":"standard","meta":{"footnotes":""},"categories":[8,5,7],"tags":[],"class_list":["post-29636","post","type-post","status-publish","format-standard","has-post-thumbnail","hentry","category-arsiv","category-son-dakika","category-spor"],"_links":{"self":[{"href":"https:\/\/eskigazeteci.com\/index.php?rest_route=\/wp\/v2\/posts\/29636","targetHints":{"allow":["GET"]}}],"collection":[{"href":"https:\/\/eskigazeteci.com\/index.php?rest_route=\/wp\/v2\/posts"}],"about":[{"href":"https:\/\/eskigazeteci.com\/index.php?rest_route=\/wp\/v2\/types\/post"}],"author":[{"embeddable":true,"href":"https:\/\/eskigazeteci.com\/index.php?rest_route=\/wp\/v2\/users\/2"}],"replies":[{"embeddable":true,"href":"https:\/\/eskigazeteci.com\/index.php?rest_route=%2Fwp%2Fv2%2Fcomments&post=29636"}],"version-history":[{"count":0,"href":"https:\/\/eskigazeteci.com\/index.php?rest_route=\/wp\/v2\/posts\/29636\/revisions"}],"wp:featuredmedia":[{"embeddable":true,"href":"https:\/\/eskigazeteci.com\/index.php?rest_route=\/wp\/v2\/media\/29635"}],"wp:attachment":[{"href":"https:\/\/eskigazeteci.com\/index.php?rest_route=%2Fwp%2Fv2%2Fmedia&parent=29636"}],"wp:term":[{"taxonomy":"category","embeddable":true,"href":"https:\/\/eskigazeteci.com\/index.php?rest_route=%2Fwp%2Fv2%2Fcategories&post=29636"},{"taxonomy":"post_tag","embeddable":true,"href":"https:\/\/eskigazeteci.com\/index.php?rest_route=%2Fwp%2Fv2%2Ftags&post=29636"}],"curies":[{"name":"wp","href":"https:\/\/api.w.org\/{rel}","templated":true}]}}