{"id":29634,"date":"2026-04-27T13:35:45","date_gmt":"2026-04-27T13:35:45","guid":{"rendered":"https:\/\/eskigazeteci.com\/?p=29634"},"modified":"2026-04-27T13:35:45","modified_gmt":"2026-04-27T13:35:45","slug":"nusretin-kardesi-ozgur-gokce-cocugun-fuhsuna-aracilik-etme-sucundan-tutuklandi","status":"publish","type":"post","link":"https:\/\/eskigazeteci.com\/?p=29634","title":{"rendered":"Nusret&#8217;in karde\u015fi \u00d6zg\u00fcr G\u00f6k\u00e7e, &#8216;\u00e7ocu\u011fun fuh\u015funa arac\u0131l\u0131k etme&#8217; su\u00e7undan tutukland\u0131"},"content":{"rendered":"<p>\u0130stanbul\u2019da, fuh\u015fa arac\u0131l\u0131k ve yer temin etti\u011fi tespit edilen \u015f\u00fcphelilerin yakalanmas\u0131na y\u00f6nelik K\u00fc\u00e7\u00fck\u00e7ekmece Cumhuriyet Ba\u015fsavc\u0131l\u0131\u011f\u0131 \u00d6rg\u00fctl\u00fc Su\u00e7lar Soru\u015fturma B\u00fcrosunca soru\u015fturma ba\u015flat\u0131ld\u0131. Y\u00fcr\u00fct\u00fclen soru\u015fturmada, \u015f\u00fcpheli \u015fah\u0131slar\u0131n telefonlar\u0131 tek tek dinlendi. Kay\u0131tlarda, fuhu\u015f faaliyetlerine dair m\u00fc\u015fteri temin eden ki\u015filere ve fuhu\u015ftan elde edilen gelirin topland\u0131\u011f\u0131 banka hesaplar\u0131na ula\u015f\u0131ld\u0131.<\/p>\n<p>\u015e\u00fcphelilerin tespiti ve faaliyetlerinin de\u015fifre edilmesine y\u00f6nelik, 17 Nisan g\u00fcn\u00fc \u015fah\u0131slar\u0131n adreslerine polis ekiplerince operasyon d\u00fczenlendi. \u00c7al\u0131\u015fmalarda, 13 \u015f\u00fcpheli g\u00f6zalt\u0131na al\u0131nd\u0131. Adliyeye sevk edilen \u015f\u00fcphelilerden 7\u2019si tutuklan\u0131rken, 6\u2019s\u0131 adli kontrol tedbiriyle serbest b\u0131rak\u0131ld\u0131.<\/p>\n<p>Konuya ili\u015fkin ba\u015fsavc\u0131l\u0131k taraf\u0131ndan y\u00fcr\u00fct\u00fclen soru\u015fturman\u0131n devam\u0131nda ise fuhu\u015f eylemlerine arac\u0131l\u0131k etti\u011fi tespit edilen Nusret Restoranlar\u0131n sahibi Nusret G\u00f6k\u00e7e\u2019nin karde\u015fi \u00d6zg\u00fcr G\u00f6k\u00e7e hakk\u0131nda \u2018\u00e7ocu\u011fun fuh\u015funa arac\u0131l\u0131k etme\u2019 su\u00e7undan g\u00f6zalt\u0131 talimat\u0131 verildi.<\/p>\n<p>\u0130stanbul Emniyet M\u00fcd\u00fcrl\u00fc\u011f\u00fcne ba\u011fl\u0131 ekiplerce 24 Nisan g\u00fcn\u00fc yakalanan G\u00f6k\u00e7e, sevk edildi\u011fi adli makamlarca 27 Nisan g\u00fcn\u00fc tutuklanarak cezaevine g\u00f6nderildi. Konuya ili\u015fkin, ba\u015fsavc\u0131l\u0131k\u00e7a y\u00fcr\u00fct\u00fclen soru\u015fturma s\u00fcr\u00fcyor.<\/p>\n<p>T\u00fcrkiye g\u00fcndeminden&#8230;<\/p>\n","protected":false},"excerpt":{"rendered":"<p>\u0130stanbul\u2019da, d\u00fczenlenen fuhu\u015f operasyonunda \u00fcnl\u00fc et restoran zinciri sahibi Nusret G\u00f6k\u00e7e\u2019nin karde\u015fi \u00d6zg\u00fcr G\u00f6k\u00e7e g\u00f6zalt\u0131na al\u0131nd\u0131. \u00d6zg\u00fcr G\u00f6k\u00e7e, \u2018\u00e7ocu\u011fun&#8230;<\/p>\n","protected":false},"author":2,"featured_media":29633,"comment_status":"open","ping_status":"open","sticky":false,"template":"","format":"standard","meta":{"footnotes":""},"categories":[8,6,5],"tags":[],"class_list":["post-29634","post","type-post","status-publish","format-standard","has-post-thumbnail","hentry","category-arsiv","category-gundem","category-son-dakika"],"_links":{"self":[{"href":"https:\/\/eskigazeteci.com\/index.php?rest_route=\/wp\/v2\/posts\/29634","targetHints":{"allow":["GET"]}}],"collection":[{"href":"https:\/\/eskigazeteci.com\/index.php?rest_route=\/wp\/v2\/posts"}],"about":[{"href":"https:\/\/eskigazeteci.com\/index.php?rest_route=\/wp\/v2\/types\/post"}],"author":[{"embeddable":true,"href":"https:\/\/eskigazeteci.com\/index.php?rest_route=\/wp\/v2\/users\/2"}],"replies":[{"embeddable":true,"href":"https:\/\/eskigazeteci.com\/index.php?rest_route=%2Fwp%2Fv2%2Fcomments&post=29634"}],"version-history":[{"count":0,"href":"https:\/\/eskigazeteci.com\/index.php?rest_route=\/wp\/v2\/posts\/29634\/revisions"}],"wp:featuredmedia":[{"embeddable":true,"href":"https:\/\/eskigazeteci.com\/index.php?rest_route=\/wp\/v2\/media\/29633"}],"wp:attachment":[{"href":"https:\/\/eskigazeteci.com\/index.php?rest_route=%2Fwp%2Fv2%2Fmedia&parent=29634"}],"wp:term":[{"taxonomy":"category","embeddable":true,"href":"https:\/\/eskigazeteci.com\/index.php?rest_route=%2Fwp%2Fv2%2Fcategories&post=29634"},{"taxonomy":"post_tag","embeddable":true,"href":"https:\/\/eskigazeteci.com\/index.php?rest_route=%2Fwp%2Fv2%2Ftags&post=29634"}],"curies":[{"name":"wp","href":"https:\/\/api.w.org\/{rel}","templated":true}]}}