{"id":29628,"date":"2026-04-27T13:22:38","date_gmt":"2026-04-27T13:22:38","guid":{"rendered":"https:\/\/eskigazeteci.com\/?p=29628"},"modified":"2026-04-27T13:22:38","modified_gmt":"2026-04-27T13:22:38","slug":"bakan-simsekten-vergi-aciklamasi-20-yil-ayricalik-geliyor","status":"publish","type":"post","link":"https:\/\/eskigazeteci.com\/?p=29628","title":{"rendered":"Bakan \u015eim\u015fek\u2019ten vergi a\u00e7\u0131klamas\u0131: 20 y\u0131l ayr\u0131cal\u0131k geliyor"},"content":{"rendered":"<p>\u015eim\u015fek, Cumhurba\u015fkan\u0131 Recep Tayyip Erdo\u011fan taraf\u0131ndan kamuoyuna duyurulan &quot;T\u00fcrkiye Y\u00fczy\u0131l\u0131: Yat\u0131r\u0131m \u0130\u00e7in G\u00fc\u00e7l\u00fc Merkez&quot; vizyonu kapsam\u0131nda, Cumhurba\u015fkan\u0131 Yard\u0131mc\u0131s\u0131 Cevdet Y\u0131lmaz ba\u015fkanl\u0131\u011f\u0131nda Cumhurba\u015fkanl\u0131\u011f\u0131 K\u00fclliyesi&#x27;nde ger\u00e7ekle\u015ftirilen bas\u0131n toplant\u0131s\u0131nda sorular\u0131 yan\u0131tlad\u0131.<\/p>\n<p>Program kapsam\u0131nda T\u00fcrkiye&#x27;ye gelecek sermayeye uygulanacak verginin sorulmas\u0131 \u00fczerine \u015eim\u015fek, konuya ili\u015fkin TBMM&#x27;den kanun \u00e7\u0131kar\u0131laca\u011f\u0131n\u0131 s\u00f6yledi.<\/p>\n<p>\u015eim\u015fek, uygulaman\u0131n, T\u00fcrkiye&#x27;de uzun s\u00fcre tutulacak \u015fekilde gelecek sermayeye y\u00f6nelik olaca\u011f\u0131na i\u015faret ederek, &quot;Bunun \u00fcst\u00fcne \u00e7al\u0131\u015f\u0131yoruz ama \u015fu an sadece genel \u00e7er\u00e7eve ortaya \u00e7\u0131km\u0131\u015f durumda. Kanunun \u00e7\u0131kmas\u0131yla Cumhurba\u015fkan\u0131&#x27;na yetki verilecek. \u00d6nceden bir \u015fey s\u00f6ylemek istemiyorum.&quot; diye konu\u015ftu.<\/p>\n<p>Yurt d\u0131\u015f\u0131ndaki gelir, kira, emekli maa\u015f\u0131 gibi gelirlerin T\u00fcrkiye&#x27;ye getirilmesi halinde vergilendirmeye tabi olmayaca\u011f\u0131n\u0131 vurgulayan \u015eim\u015fek, \u015fu de\u011ferlendirmede bulundu:<\/p>\n<p>&quot;Yurt i\u00e7i aktiviteler kaynakl\u0131 gelirler istisna kapsam\u0131nda olmayacak. \u00d6rne\u011fin, T\u00fcrkiye&#x27;de istihdam olu\u015fturan ya da T\u00fcrkiye&#x27;de yerle\u015fik bir \u015firketle ba\u011flant\u0131l\u0131 olarak elde edilen gelirler, genel h\u00fck\u00fcmler \u00e7er\u00e7evesinde vergilendirilmeye devam edilecek. Buna kar\u015f\u0131l\u0131k, yurt d\u0131\u015f\u0131 kaynakl\u0131 gelirler i\u00e7in 20&#8230;<\/p>\n","protected":false},"excerpt":{"rendered":"<p>Hazine ve Maliye Bakan\u0131 Mehmet \u015eim\u015fek, T\u00fcrkiye\u2019ye yurt d\u0131\u015f\u0131 kaynakl\u0131 gelir ve sermaye giri\u015fini te\u015fvik edecek yeni vergi d\u00fczenlemesine ili\u015fkin \u00f6nemli&#8230;<\/p>\n","protected":false},"author":2,"featured_media":29627,"comment_status":"open","ping_status":"open","sticky":false,"template":"","format":"standard","meta":{"footnotes":""},"categories":[6,5],"tags":[],"class_list":["post-29628","post","type-post","status-publish","format-standard","has-post-thumbnail","hentry","category-gundem","category-son-dakika"],"_links":{"self":[{"href":"https:\/\/eskigazeteci.com\/index.php?rest_route=\/wp\/v2\/posts\/29628","targetHints":{"allow":["GET"]}}],"collection":[{"href":"https:\/\/eskigazeteci.com\/index.php?rest_route=\/wp\/v2\/posts"}],"about":[{"href":"https:\/\/eskigazeteci.com\/index.php?rest_route=\/wp\/v2\/types\/post"}],"author":[{"embeddable":true,"href":"https:\/\/eskigazeteci.com\/index.php?rest_route=\/wp\/v2\/users\/2"}],"replies":[{"embeddable":true,"href":"https:\/\/eskigazeteci.com\/index.php?rest_route=%2Fwp%2Fv2%2Fcomments&post=29628"}],"version-history":[{"count":0,"href":"https:\/\/eskigazeteci.com\/index.php?rest_route=\/wp\/v2\/posts\/29628\/revisions"}],"wp:featuredmedia":[{"embeddable":true,"href":"https:\/\/eskigazeteci.com\/index.php?rest_route=\/wp\/v2\/media\/29627"}],"wp:attachment":[{"href":"https:\/\/eskigazeteci.com\/index.php?rest_route=%2Fwp%2Fv2%2Fmedia&parent=29628"}],"wp:term":[{"taxonomy":"category","embeddable":true,"href":"https:\/\/eskigazeteci.com\/index.php?rest_route=%2Fwp%2Fv2%2Fcategories&post=29628"},{"taxonomy":"post_tag","embeddable":true,"href":"https:\/\/eskigazeteci.com\/index.php?rest_route=%2Fwp%2Fv2%2Ftags&post=29628"}],"curies":[{"name":"wp","href":"https:\/\/api.w.org\/{rel}","templated":true}]}}