{"id":29626,"date":"2026-04-27T13:14:11","date_gmt":"2026-04-27T13:14:11","guid":{"rendered":"https:\/\/eskigazeteci.com\/?p=29626"},"modified":"2026-04-27T13:14:11","modified_gmt":"2026-04-27T13:14:11","slug":"belediye-baskaninin-sekreterine-satirli-saldiri-dehset-ani-kamerada","status":"publish","type":"post","link":"https:\/\/eskigazeteci.com\/?p=29626","title":{"rendered":"Belediye ba\u015fkan\u0131n\u0131n sekreterine sat\u0131rl\u0131 sald\u0131r\u0131: Deh\u015fet an\u0131 kamerada"},"content":{"rendered":"<p>Olay, 21 Nisan g\u00fcn\u00fc saat 10.50&#x27;de meydana geldi. Edinilen bilgilere g\u00f6re, Aybast\u0131 Belediyesi&#x27;ne giden Yusuf Do\u011fan isimli \u015fah\u0131s, belediye \u00e7al\u0131\u015fan\u0131 ve ba\u015fkan\u0131n sekreteri Adem Demirkale&#x27;ye baz\u0131 sorular sordu. Bir s\u00fcre sonra Yusuf Do\u011fan, Demirkale&#x27;nin ba\u015f\u0131na sat\u0131r\u0131n keskin k\u0131sm\u0131yla 2 kez vurdu. Bu esnada Demirkale ve di\u011fer belediye \u00e7al\u0131\u015fanlar\u0131 \u015fahs\u0131 etkisiz hale getirdi. Ba\u015f\u0131ndan yaralanan Demirkale, olay yerindeki ilk m\u00fcdahalenin ard\u0131ndan ambulansla Fatsa&#x27;daki bir hastaneye sevk edildi.<\/p>\n<p>OLAY ANI G\u00dcVENL\u0130K KAMERASINDA<\/p>\n<p>Olay\u0131n ya\u015fand\u0131\u011f\u0131 an ise belediyeye ait g\u00fcvenlik kameras\u0131 taraf\u0131ndan kaydedildi. G\u00f6r\u00fcnt\u00fclerde, Yusuf Do\u011fan isimli \u015fahs\u0131n sekreterlik odas\u0131na geldi\u011fi, bir s\u00fcre sonra ceketinin cebinden \u00e7\u0131kard\u0131\u011f\u0131 sat\u0131r\u0131n keskin k\u0131sm\u0131yla Demirkale&#x27;nin ba\u015f\u0131na 2 kez vurdu\u011fu anlar yer al\u0131yor. Ayr\u0131ca sald\u0131r\u0131y\u0131 ger\u00e7ekle\u015ftiren \u015fahs\u0131n ikna edilerek g\u00fc\u00e7l\u00fckle elinden sat\u0131r\u0131n al\u0131nd\u0131\u011f\u0131 anlar da g\u00f6r\u00fcnt\u00fclere yans\u0131d\u0131.<\/p>\n<p>\u00d6te yandan, olay\u0131n ard\u0131ndan g\u00f6zalt\u0131na al\u0131nan ve emniyetteki i\u015flemlerinin ard\u0131ndan adliyeye sevk edilen Yusuf Do\u011fan, tutuklanarak cezaevine g\u00f6nderildi.<\/p>\n<p>T\u00fcrkiye g\u00fcndeminden son dakika haberleri, bug\u00fcn ya\u015fanan en son geli\u015fmeler, siyaset g\u00fcndeminden g\u00fcncel haberler ve b\u00fct\u00fcn son dakika&#8230;<\/p>\n","protected":false},"excerpt":{"rendered":"<p>Ordu&#8217;nun Aybast\u0131 il\u00e7esinde 6 g\u00fcn \u00f6nce belediye binas\u0131nda bir ki\u015finin, belediye ba\u015fkan\u0131n\u0131n sekreterini sat\u0131rla yaralad\u0131\u011f\u0131 anlar\u0131n g\u00fcvenlik kameras\u0131 g\u00f6r\u00fcnt\u00fcs\u00fc&#8230;<\/p>\n","protected":false},"author":2,"featured_media":29625,"comment_status":"open","ping_status":"open","sticky":false,"template":"","format":"standard","meta":{"footnotes":""},"categories":[6,5],"tags":[],"class_list":["post-29626","post","type-post","status-publish","format-standard","has-post-thumbnail","hentry","category-gundem","category-son-dakika"],"_links":{"self":[{"href":"https:\/\/eskigazeteci.com\/index.php?rest_route=\/wp\/v2\/posts\/29626","targetHints":{"allow":["GET"]}}],"collection":[{"href":"https:\/\/eskigazeteci.com\/index.php?rest_route=\/wp\/v2\/posts"}],"about":[{"href":"https:\/\/eskigazeteci.com\/index.php?rest_route=\/wp\/v2\/types\/post"}],"author":[{"embeddable":true,"href":"https:\/\/eskigazeteci.com\/index.php?rest_route=\/wp\/v2\/users\/2"}],"replies":[{"embeddable":true,"href":"https:\/\/eskigazeteci.com\/index.php?rest_route=%2Fwp%2Fv2%2Fcomments&post=29626"}],"version-history":[{"count":0,"href":"https:\/\/eskigazeteci.com\/index.php?rest_route=\/wp\/v2\/posts\/29626\/revisions"}],"wp:featuredmedia":[{"embeddable":true,"href":"https:\/\/eskigazeteci.com\/index.php?rest_route=\/wp\/v2\/media\/29625"}],"wp:attachment":[{"href":"https:\/\/eskigazeteci.com\/index.php?rest_route=%2Fwp%2Fv2%2Fmedia&parent=29626"}],"wp:term":[{"taxonomy":"category","embeddable":true,"href":"https:\/\/eskigazeteci.com\/index.php?rest_route=%2Fwp%2Fv2%2Fcategories&post=29626"},{"taxonomy":"post_tag","embeddable":true,"href":"https:\/\/eskigazeteci.com\/index.php?rest_route=%2Fwp%2Fv2%2Ftags&post=29626"}],"curies":[{"name":"wp","href":"https:\/\/api.w.org\/{rel}","templated":true}]}}