{"id":29624,"date":"2026-04-27T13:12:39","date_gmt":"2026-04-27T13:12:39","guid":{"rendered":"https:\/\/eskigazeteci.com\/?p=29624"},"modified":"2026-04-27T13:12:39","modified_gmt":"2026-04-27T13:12:39","slug":"turk-hava-sahasini-kullanamayan-israil-cumhurbaskani-herzog-2-gunluk-ziyarete-8-saatte-gitti","status":"publish","type":"post","link":"https:\/\/eskigazeteci.com\/?p=29624","title":{"rendered":"T\u00fcrk hava sahas\u0131n\u0131 kullanamayan \u0130srail Cumhurba\u015fkan\u0131 Herzog, 2 g\u00fcnl\u00fck ziyarete 8 saatte gitti"},"content":{"rendered":"<p>\u0130srail&#x27;in Kanal 12 televizyonu, Herzog&#x27;un u\u00e7a\u011f\u0131n\u0131n T\u00fcrkiye hava sahas\u0131ndan ka\u00e7\u0131nmak i\u00e7in alternatif bir rota izledi\u011fini kaydetti.<\/p>\n<p>Herzog&#x27;u ta\u015f\u0131yan u\u00e7a\u011f\u0131n T\u00fcrk hava sahas\u0131na girmemek i\u00e7in Avrupa ve Rusya \u00fczerinden bir rota izledi\u011fi kaydedilen haberde, u\u00e7a\u011f\u0131n Kazakistan&#x27;a 8 saatte ula\u015ft\u0131\u011f\u0131 belirtildi.<\/p>\n<p>\u00d6te yandan \u0130srail Cumhurba\u015fkan\u0131 Herzog , ABD merkezli X \u015firketinin sosyal medya platformundaki hesab\u0131ndan yapt\u0131\u011f\u0131 a\u00e7\u0131klamada, Kazakistan&#x27;\u0131n ba\u015fkenti Astana &#x27;ya indi\u011fini a\u00e7\u0131klad\u0131.<\/p>\n<p>Yurtd\u0131\u015f\u0131nda ya\u015fanan en son olaylar, d\u00fcnya g\u00fcndemine oturan d\u0131\u015f haberler, son dakika d\u00fcnya haberleri, di\u011fer d\u00fcnya \u00fclkelerinden g\u00fcncel haberler i\u00e7in T\u00fcrkiye&#x27;nin haber sitesi hurriyet.com.tr; Hurriyet.com.tr haber i\u00e7erikleri kaynak g\u00f6sterilmeden al\u0131nt\u0131 yap\u0131lamaz, Kanuna ayk\u0131r\u0131 ve izinsiz olarak kopyalanamaz, ba\u015fka yerde yay\u0131nlanamaz.<\/p>\n","protected":false},"excerpt":{"rendered":"<p>\u0130srail Cumhurba\u015fkan\u0131 Isaac Herzog&#8217;un u\u00e7a\u011f\u0131, 2 g\u00fcnl\u00fck Kazakistan ziyaretine giderken T\u00fcrk hava sahas\u0131n\u0131 kullanamad\u0131\u011f\u0131 i\u00e7in 8 saatlik bir rota izledi.<\/p>\n","protected":false},"author":2,"featured_media":29623,"comment_status":"open","ping_status":"open","sticky":false,"template":"","format":"standard","meta":{"footnotes":""},"categories":[6,5],"tags":[],"class_list":["post-29624","post","type-post","status-publish","format-standard","has-post-thumbnail","hentry","category-gundem","category-son-dakika"],"_links":{"self":[{"href":"https:\/\/eskigazeteci.com\/index.php?rest_route=\/wp\/v2\/posts\/29624","targetHints":{"allow":["GET"]}}],"collection":[{"href":"https:\/\/eskigazeteci.com\/index.php?rest_route=\/wp\/v2\/posts"}],"about":[{"href":"https:\/\/eskigazeteci.com\/index.php?rest_route=\/wp\/v2\/types\/post"}],"author":[{"embeddable":true,"href":"https:\/\/eskigazeteci.com\/index.php?rest_route=\/wp\/v2\/users\/2"}],"replies":[{"embeddable":true,"href":"https:\/\/eskigazeteci.com\/index.php?rest_route=%2Fwp%2Fv2%2Fcomments&post=29624"}],"version-history":[{"count":0,"href":"https:\/\/eskigazeteci.com\/index.php?rest_route=\/wp\/v2\/posts\/29624\/revisions"}],"wp:featuredmedia":[{"embeddable":true,"href":"https:\/\/eskigazeteci.com\/index.php?rest_route=\/wp\/v2\/media\/29623"}],"wp:attachment":[{"href":"https:\/\/eskigazeteci.com\/index.php?rest_route=%2Fwp%2Fv2%2Fmedia&parent=29624"}],"wp:term":[{"taxonomy":"category","embeddable":true,"href":"https:\/\/eskigazeteci.com\/index.php?rest_route=%2Fwp%2Fv2%2Fcategories&post=29624"},{"taxonomy":"post_tag","embeddable":true,"href":"https:\/\/eskigazeteci.com\/index.php?rest_route=%2Fwp%2Fv2%2Ftags&post=29624"}],"curies":[{"name":"wp","href":"https:\/\/api.w.org\/{rel}","templated":true}]}}