{"id":29622,"date":"2026-04-27T13:04:09","date_gmt":"2026-04-27T13:04:09","guid":{"rendered":"https:\/\/eskigazeteci.com\/?p=29622"},"modified":"2026-04-27T13:04:09","modified_gmt":"2026-04-27T13:04:09","slug":"taksimde-izinsiz-gosteriye-polis-mudahalesi","status":"publish","type":"post","link":"https:\/\/eskigazeteci.com\/?p=29622","title":{"rendered":"Taksim&#8217;de izinsiz g\u00f6steriye polis m\u00fcdahalesi"},"content":{"rendered":"<p>Beyo\u011flu Taksim Kazanc\u0131 Yoku\u015fu \u00e7evresinde bir araya gelen grup, 1 May\u0131s 1977\u2019de hayat\u0131n\u0131 kaybedenleri anmak amac\u0131yla izinsiz alana y\u00fcr\u00fcmek istedi. Polis ekipleri, grubun toplanmas\u0131na izin vermeyerek da\u011f\u0131lmalar\u0131 y\u00f6n\u00fcnde uyar\u0131da bulundu. Uyar\u0131lara ra\u011fmen y\u00fcr\u00fcmekte \u0131srar eden gruba polis ekipleri m\u00fcdahale etti. M\u00fcdahale s\u0131ras\u0131nda baz\u0131 ki\u015filer ile polis ekipleri aras\u0131nda k\u0131sa s\u00fcreli arbede ya\u015fand\u0131. \u00c7evrede geni\u015f g\u00fcvenlik \u00f6nlemi ald\u0131.<\/p>\n<p>46 K\u0130\u015e\u0130 G\u00d6ZALTINA ALINDI<\/p>\n<p>M\u00fcdahalenin ard\u0131ndan 46 ki\u015fi g\u00f6zalt\u0131na al\u0131nd\u0131. G\u00f6zalt\u0131na al\u0131nanlar i\u015flemleri yap\u0131lmak \u00fczere emniyete g\u00f6t\u00fcr\u00fcld\u00fc. (DHA)<\/p>\n<p>T\u00fcrkiye g\u00fcndeminden son dakika haberleri, bug\u00fcn ya\u015fanan en son geli\u015fmeler, siyaset g\u00fcndeminden g\u00fcncel haberler ve b\u00fct\u00fcn son dakika haberleri i\u00e7in H\u00fcrriyet&#x27;in internet haber sitesi hurriyet.com.tr; Hurriyet.com.tr haber i\u00e7erikleri kaynak g\u00f6sterilmeden al\u0131nt\u0131 yap\u0131lamaz, Kanuna ayk\u0131r\u0131 ve izinsiz olarak kopyalanamaz, ba\u015fka yerde yay\u0131nlanamaz.<\/p>\n","protected":false},"excerpt":{"rendered":"<p>\u0130stanbul Taksim\u2019de, 1977 y\u0131l\u0131nda hayat\u0131n\u0131 kaybedenleri anmak isteyen i\u00e7in izinsiz g\u00f6steri yapan gruba polis m\u00fcdahale etti. 46 ki\u015fi g\u00f6zalt\u0131na al\u0131nd\u0131.<\/p>\n","protected":false},"author":2,"featured_media":29621,"comment_status":"open","ping_status":"open","sticky":false,"template":"","format":"standard","meta":{"footnotes":""},"categories":[8,6,5],"tags":[],"class_list":["post-29622","post","type-post","status-publish","format-standard","has-post-thumbnail","hentry","category-arsiv","category-gundem","category-son-dakika"],"_links":{"self":[{"href":"https:\/\/eskigazeteci.com\/index.php?rest_route=\/wp\/v2\/posts\/29622","targetHints":{"allow":["GET"]}}],"collection":[{"href":"https:\/\/eskigazeteci.com\/index.php?rest_route=\/wp\/v2\/posts"}],"about":[{"href":"https:\/\/eskigazeteci.com\/index.php?rest_route=\/wp\/v2\/types\/post"}],"author":[{"embeddable":true,"href":"https:\/\/eskigazeteci.com\/index.php?rest_route=\/wp\/v2\/users\/2"}],"replies":[{"embeddable":true,"href":"https:\/\/eskigazeteci.com\/index.php?rest_route=%2Fwp%2Fv2%2Fcomments&post=29622"}],"version-history":[{"count":0,"href":"https:\/\/eskigazeteci.com\/index.php?rest_route=\/wp\/v2\/posts\/29622\/revisions"}],"wp:featuredmedia":[{"embeddable":true,"href":"https:\/\/eskigazeteci.com\/index.php?rest_route=\/wp\/v2\/media\/29621"}],"wp:attachment":[{"href":"https:\/\/eskigazeteci.com\/index.php?rest_route=%2Fwp%2Fv2%2Fmedia&parent=29622"}],"wp:term":[{"taxonomy":"category","embeddable":true,"href":"https:\/\/eskigazeteci.com\/index.php?rest_route=%2Fwp%2Fv2%2Fcategories&post=29622"},{"taxonomy":"post_tag","embeddable":true,"href":"https:\/\/eskigazeteci.com\/index.php?rest_route=%2Fwp%2Fv2%2Ftags&post=29622"}],"curies":[{"name":"wp","href":"https:\/\/api.w.org\/{rel}","templated":true}]}}