{"id":29618,"date":"2026-04-27T12:57:44","date_gmt":"2026-04-27T12:57:44","guid":{"rendered":"https:\/\/eskigazeteci.com\/?p=29618"},"modified":"2026-04-27T12:57:44","modified_gmt":"2026-04-27T12:57:44","slug":"taksimde-polis-mudahalesi","status":"publish","type":"post","link":"https:\/\/eskigazeteci.com\/?p=29618","title":{"rendered":"Taksim&#8217;de Polis m\u00fcdahalesi"},"content":{"rendered":"<p>G\u00f6zalt\u0131ya y\u00fcr\u00fcmekte olan grup, 1977 y\u0131l\u0131nda hayat\u0131n\u0131 kaybedenleri anmak i\u00e7in izinsiz alana ilerliyorlard\u0131. Polis ekipleri, grubun ileri s\u00fcrme y\u00f6n\u00fcnde uyar\u0131lardan habersizlere m\u00fcdahale etti ve baz\u0131 arzular\u0131 ya\u015fand\u0131. 46 ki\u015fi g\u00f6zalt\u0131na al\u0131narak i\u015flevler yap\u0131lm\u0131\u015ft\u0131r.<\/p>\n","protected":false},"excerpt":{"rendered":"<p>Polis m\u00fcdahale etti\u011fine dair bir uyar\u0131da bulundu.<\/p>\n","protected":false},"author":2,"featured_media":29617,"comment_status":"open","ping_status":"open","sticky":false,"template":"","format":"standard","meta":{"footnotes":""},"categories":[8,6,5],"tags":[],"class_list":["post-29618","post","type-post","status-publish","format-standard","has-post-thumbnail","hentry","category-arsiv","category-gundem","category-son-dakika"],"_links":{"self":[{"href":"https:\/\/eskigazeteci.com\/index.php?rest_route=\/wp\/v2\/posts\/29618","targetHints":{"allow":["GET"]}}],"collection":[{"href":"https:\/\/eskigazeteci.com\/index.php?rest_route=\/wp\/v2\/posts"}],"about":[{"href":"https:\/\/eskigazeteci.com\/index.php?rest_route=\/wp\/v2\/types\/post"}],"author":[{"embeddable":true,"href":"https:\/\/eskigazeteci.com\/index.php?rest_route=\/wp\/v2\/users\/2"}],"replies":[{"embeddable":true,"href":"https:\/\/eskigazeteci.com\/index.php?rest_route=%2Fwp%2Fv2%2Fcomments&post=29618"}],"version-history":[{"count":0,"href":"https:\/\/eskigazeteci.com\/index.php?rest_route=\/wp\/v2\/posts\/29618\/revisions"}],"wp:featuredmedia":[{"embeddable":true,"href":"https:\/\/eskigazeteci.com\/index.php?rest_route=\/wp\/v2\/media\/29617"}],"wp:attachment":[{"href":"https:\/\/eskigazeteci.com\/index.php?rest_route=%2Fwp%2Fv2%2Fmedia&parent=29618"}],"wp:term":[{"taxonomy":"category","embeddable":true,"href":"https:\/\/eskigazeteci.com\/index.php?rest_route=%2Fwp%2Fv2%2Fcategories&post=29618"},{"taxonomy":"post_tag","embeddable":true,"href":"https:\/\/eskigazeteci.com\/index.php?rest_route=%2Fwp%2Fv2%2Ftags&post=29618"}],"curies":[{"name":"wp","href":"https:\/\/api.w.org\/{rel}","templated":true}]}}