{"id":29614,"date":"2026-04-27T12:55:19","date_gmt":"2026-04-27T12:55:19","guid":{"rendered":"https:\/\/eskigazeteci.com\/?p=29614"},"modified":"2026-04-27T12:55:19","modified_gmt":"2026-04-27T12:55:19","slug":"istanbulda-fuhus-operasyonu-sonuclari","status":"publish","type":"post","link":"https:\/\/eskigazeteci.com\/?p=29614","title":{"rendered":"\u0130stanbul&#8217;da &#8216;Fuhu\u015f&#8217; Operasyonu Sonu\u00e7lar\u0131"},"content":{"rendered":"<p>\u0130stanbul&#x27;da &#x27;Fuhu\u015f&#x27; operasyonu sonucunda 14 \u015f\u00fcpheli g\u00f6zalt\u0131na al\u0131nm\u0131\u015ft\u0131r. Bu t\u00fcr\u00fcnden al\u0131nd\u0131klar\u0131 8 ki\u015fiyi emniyetteki i\u015flemlerden \u00e7\u0131kar\u0131lm\u0131\u015ft\u0131r.<\/p>\n","protected":false},"excerpt":{"rendered":"<p>Emniyetteki i\u015flemlerin ard\u0131ndan adl\u0131 taraftan al\u0131nd\u0131.<\/p>\n","protected":false},"author":2,"featured_media":29613,"comment_status":"open","ping_status":"open","sticky":false,"template":"","format":"standard","meta":{"footnotes":""},"categories":[8,6,5],"tags":[],"class_list":["post-29614","post","type-post","status-publish","format-standard","has-post-thumbnail","hentry","category-arsiv","category-gundem","category-son-dakika"],"_links":{"self":[{"href":"https:\/\/eskigazeteci.com\/index.php?rest_route=\/wp\/v2\/posts\/29614","targetHints":{"allow":["GET"]}}],"collection":[{"href":"https:\/\/eskigazeteci.com\/index.php?rest_route=\/wp\/v2\/posts"}],"about":[{"href":"https:\/\/eskigazeteci.com\/index.php?rest_route=\/wp\/v2\/types\/post"}],"author":[{"embeddable":true,"href":"https:\/\/eskigazeteci.com\/index.php?rest_route=\/wp\/v2\/users\/2"}],"replies":[{"embeddable":true,"href":"https:\/\/eskigazeteci.com\/index.php?rest_route=%2Fwp%2Fv2%2Fcomments&post=29614"}],"version-history":[{"count":0,"href":"https:\/\/eskigazeteci.com\/index.php?rest_route=\/wp\/v2\/posts\/29614\/revisions"}],"wp:featuredmedia":[{"embeddable":true,"href":"https:\/\/eskigazeteci.com\/index.php?rest_route=\/wp\/v2\/media\/29613"}],"wp:attachment":[{"href":"https:\/\/eskigazeteci.com\/index.php?rest_route=%2Fwp%2Fv2%2Fmedia&parent=29614"}],"wp:term":[{"taxonomy":"category","embeddable":true,"href":"https:\/\/eskigazeteci.com\/index.php?rest_route=%2Fwp%2Fv2%2Fcategories&post=29614"},{"taxonomy":"post_tag","embeddable":true,"href":"https:\/\/eskigazeteci.com\/index.php?rest_route=%2Fwp%2Fv2%2Ftags&post=29614"}],"curies":[{"name":"wp","href":"https:\/\/api.w.org\/{rel}","templated":true}]}}