{"id":29612,"date":"2026-04-27T12:54:06","date_gmt":"2026-04-27T12:54:06","guid":{"rendered":"https:\/\/eskigazeteci.com\/?p=29612"},"modified":"2026-04-27T12:54:06","modified_gmt":"2026-04-27T12:54:06","slug":"vakifbank-basantrenoru-guidettiden-fenerbahce-itirafi-hayatimda-gormedim","status":"publish","type":"post","link":"https:\/\/eskigazeteci.com\/?p=29612","title":{"rendered":"Vak\u0131fBank Ba\u015fantren\u00f6r\u00fc Guidetti&#8217;den Fenerbah\u00e7e itiraf\u0131: &#8216;Hayat\u0131mda g\u00f6rmedim!&#8217;"},"content":{"rendered":"<p>Vak\u0131fBank ba\u015fantren\u00f6r Giovanni Guidetti , Volleyballit&#x27;e verdi\u011fi r\u00f6portajda ba\u015far\u0131n\u0131n \u015fifrelerini anlatt\u0131. \u0130talyan \u00e7al\u0131\u015ft\u0131r\u0131c\u0131, hem kul\u00fcp k\u00fclt\u00fcr\u00fc ve istikrar\u0131n alt\u0131n\u0131 \u00e7izdi hem de Fenerbah\u00e7e i\u00e7in dikkat \u00e7eken de\u011ferlendirmelerde bulundu.<\/p>\n<p>Giovanni Guidetti &#x27;n\u0131n a\u00e7\u0131klamalar\u0131 \u015fu \u015fekilde oldu:<\/p>\n<p>&quot;Bir\u00e7ok \u015fey var. \u0130lki, kaybetti\u011finizde bile sizi destekleyen bir kul\u00fcb\u00fcn arkada olmas\u0131. \u00c7\u00fcnk\u00fc s\u00fcrekli kazand\u0131\u011f\u0131n\u0131zda her \u015fey kolayd\u0131r ama biz her zaman kazanmad\u0131k. Hatta kaybederek ba\u015flad\u0131k. Play-off&#x27;larda birinci olmu\u015ftuk ve sekizinci s\u0131radaki tak\u0131ma kar\u015f\u0131 kaybettik. Ama devam ettik. K\u00f6t\u00fc y\u0131llarda bile, projeye b\u00fcy\u00fck bir sa\u011flaml\u0131k kazand\u0131rma fikri her zaman vard\u0131.&quot;<\/p>\n<p>Kadro ve oyuncu se\u00e7imlerinde bana her zaman tam \u00f6zg\u00fcrl\u00fck tan\u0131d\u0131lar. S\u0131n\u0131rs\u0131z bir kadromuz ya da s\u0131n\u0131rs\u0131z bir b\u00fct\u00e7emiz yok. Kazand\u0131\u011f\u0131m\u0131z uzun y\u0131llar boyunca, en y\u00fcksek b\u00fct\u00e7eye sahip tak\u0131m bile de\u011fildik. Ancak her zaman \u00f6zg\u00fcrl\u00fc\u011f\u00fcm vard\u0131 ve bunu b\u00fcy\u00fck bir avantaj olarak g\u00f6r\u00fcyorum.<\/p>\n<p>Her iki-\u00fc\u00e7 y\u0131lda bir teknik ekipten bir-iki ki\u015fiyi de\u011fi\u015ftiriyorum. Genelde yabanc\u0131 isimler al\u0131yorum; bana bilmedi\u011fim \u015feyleri, yeni bak\u0131\u015f a\u00e7\u0131lar\u0131n\u0131 getiriyorlar. Bu da oyunculara farkl\u0131 motivasyon sa\u011fl\u0131yor. \u00d6rne\u011fin bu y\u0131l uzun s\u00fcredir birlikte \u00e7al\u0131\u015ft\u0131\u011f\u0131m&#8230;<\/p>\n","protected":false},"excerpt":{"rendered":"<p>Sultanlar Ligi\u2019nde 15. \u015fampiyonlu\u011funu kazanan Vak\u0131fBank\u2019ta ba\u015fantren\u00f6r Giovanni Guidetti, ba\u015far\u0131lar\u0131n\u0131n arkas\u0131ndaki en b\u00fcy\u00fck g\u00fcc\u00fcn kul\u00fcp k\u00fclt\u00fcr\u00fc, istikrar ve&#8230;<\/p>\n","protected":false},"author":2,"featured_media":29611,"comment_status":"open","ping_status":"open","sticky":false,"template":"","format":"standard","meta":{"footnotes":""},"categories":[8,5,7],"tags":[],"class_list":["post-29612","post","type-post","status-publish","format-standard","has-post-thumbnail","hentry","category-arsiv","category-son-dakika","category-spor"],"_links":{"self":[{"href":"https:\/\/eskigazeteci.com\/index.php?rest_route=\/wp\/v2\/posts\/29612","targetHints":{"allow":["GET"]}}],"collection":[{"href":"https:\/\/eskigazeteci.com\/index.php?rest_route=\/wp\/v2\/posts"}],"about":[{"href":"https:\/\/eskigazeteci.com\/index.php?rest_route=\/wp\/v2\/types\/post"}],"author":[{"embeddable":true,"href":"https:\/\/eskigazeteci.com\/index.php?rest_route=\/wp\/v2\/users\/2"}],"replies":[{"embeddable":true,"href":"https:\/\/eskigazeteci.com\/index.php?rest_route=%2Fwp%2Fv2%2Fcomments&post=29612"}],"version-history":[{"count":0,"href":"https:\/\/eskigazeteci.com\/index.php?rest_route=\/wp\/v2\/posts\/29612\/revisions"}],"wp:featuredmedia":[{"embeddable":true,"href":"https:\/\/eskigazeteci.com\/index.php?rest_route=\/wp\/v2\/media\/29611"}],"wp:attachment":[{"href":"https:\/\/eskigazeteci.com\/index.php?rest_route=%2Fwp%2Fv2%2Fmedia&parent=29612"}],"wp:term":[{"taxonomy":"category","embeddable":true,"href":"https:\/\/eskigazeteci.com\/index.php?rest_route=%2Fwp%2Fv2%2Fcategories&post=29612"},{"taxonomy":"post_tag","embeddable":true,"href":"https:\/\/eskigazeteci.com\/index.php?rest_route=%2Fwp%2Fv2%2Ftags&post=29612"}],"curies":[{"name":"wp","href":"https:\/\/api.w.org\/{rel}","templated":true}]}}