{"id":29608,"date":"2026-04-27T12:51:03","date_gmt":"2026-04-27T12:51:03","guid":{"rendered":"https:\/\/eskigazeteci.com\/?p=29608"},"modified":"2026-04-27T12:51:03","modified_gmt":"2026-04-27T12:51:03","slug":"bursada-korkunc-olay-park-edip-uyuduklari-otomobilin-arka-koltugunda-olu-bulundu","status":"publish","type":"post","link":"https:\/\/eskigazeteci.com\/?p=29608","title":{"rendered":"Bursa&#8217;da korkun\u00e7 olay! Park edip uyuduklar\u0131 otomobilin arka koltu\u011funda \u00f6l\u00fc bulundu"},"content":{"rendered":"<p>Emirhan \u0130. (36), Hasan \u00d6. (32) ve \u00d6mer \u0130mer, gezdikten sonra Yenimahalle Yunusemre Caddesi\u2019nde yol kenar\u0131na park ettikleri 16 CLE 07 plakal\u0131 otomobilde uyudu. \u0130ddiaya g\u00f6re, saat 12.00 s\u0131ralar\u0131nda uyanan Emirhan \u0130. ile Hasan \u00d6., arka koltuktaki \u00d6mer \u0130mer\u2019i hareketsiz halde buldu.<\/p>\n<p>\u0130ki arkada\u015f, uyudu\u011funu d\u00fc\u015f\u00fcnd\u00fckleri \u0130mer\u2019in tepki vermemesi \u00fczerine durumu 112 Acil \u00c7a\u011fr\u0131 Merkezi\u2019ne bildirdi. \u0130hbar \u00fczerine olay yerine polis ve sa\u011fl\u0131k ekipleri sevk edildi.<\/p>\n<p>Sa\u011fl\u0131k ekiplerinin yapt\u0131\u011f\u0131 kontrolde, \u00d6mer \u0130mer\u2019in hayat\u0131n\u0131 kaybetti\u011fi belirlendi. \u0130mer\u2019in cenazesi savc\u0131n\u0131n incelemesinin ard\u0131ndan kesin \u00f6l\u00fcm nedeninin belirlenmesi i\u00e7in Bursa Adli T\u0131p Kurumu morguna g\u00f6nderilirken, olaya ili\u015fkin soru\u015fturma ba\u015flat\u0131ld\u0131.<\/p>\n<p>T\u00fcrkiye g\u00fcndeminden son dakika haberleri, bug\u00fcn ya\u015fanan en son geli\u015fmeler, siyaset g\u00fcndeminden g\u00fcncel haberler ve b\u00fct\u00fcn son dakika haberleri i\u00e7in H\u00fcrriyet&#x27;in internet haber sitesi hurriyet.com.tr; Hurriyet.com.tr haber i\u00e7erikleri kaynak g\u00f6sterilmeden al\u0131nt\u0131 yap\u0131lamaz, Kanuna ayk\u0131r\u0131 ve izinsiz olarak kopyalanamaz, ba\u015fka yerde yay\u0131nlanamaz.<\/p>\n","protected":false},"excerpt":{"rendered":"<p>Bursa\u2019n\u0131n \u0130neg\u00f6l il\u00e7esinde 22 ya\u015f\u0131ndaki \u00d6mer \u0130mer, iki arkada\u015f\u0131yla birlikte park edip uyuduklar\u0131 otomobilin arka koltu\u011funda \u00f6l\u00fc bulundu.<\/p>\n","protected":false},"author":2,"featured_media":29607,"comment_status":"open","ping_status":"open","sticky":false,"template":"","format":"standard","meta":{"footnotes":""},"categories":[8,6,5],"tags":[],"class_list":["post-29608","post","type-post","status-publish","format-standard","has-post-thumbnail","hentry","category-arsiv","category-gundem","category-son-dakika"],"_links":{"self":[{"href":"https:\/\/eskigazeteci.com\/index.php?rest_route=\/wp\/v2\/posts\/29608","targetHints":{"allow":["GET"]}}],"collection":[{"href":"https:\/\/eskigazeteci.com\/index.php?rest_route=\/wp\/v2\/posts"}],"about":[{"href":"https:\/\/eskigazeteci.com\/index.php?rest_route=\/wp\/v2\/types\/post"}],"author":[{"embeddable":true,"href":"https:\/\/eskigazeteci.com\/index.php?rest_route=\/wp\/v2\/users\/2"}],"replies":[{"embeddable":true,"href":"https:\/\/eskigazeteci.com\/index.php?rest_route=%2Fwp%2Fv2%2Fcomments&post=29608"}],"version-history":[{"count":0,"href":"https:\/\/eskigazeteci.com\/index.php?rest_route=\/wp\/v2\/posts\/29608\/revisions"}],"wp:featuredmedia":[{"embeddable":true,"href":"https:\/\/eskigazeteci.com\/index.php?rest_route=\/wp\/v2\/media\/29607"}],"wp:attachment":[{"href":"https:\/\/eskigazeteci.com\/index.php?rest_route=%2Fwp%2Fv2%2Fmedia&parent=29608"}],"wp:term":[{"taxonomy":"category","embeddable":true,"href":"https:\/\/eskigazeteci.com\/index.php?rest_route=%2Fwp%2Fv2%2Fcategories&post=29608"},{"taxonomy":"post_tag","embeddable":true,"href":"https:\/\/eskigazeteci.com\/index.php?rest_route=%2Fwp%2Fv2%2Ftags&post=29608"}],"curies":[{"name":"wp","href":"https:\/\/api.w.org\/{rel}","templated":true}]}}