{"id":29606,"date":"2026-04-27T12:49:31","date_gmt":"2026-04-27T12:49:31","guid":{"rendered":"https:\/\/eskigazeteci.com\/?p=29606"},"modified":"2026-04-27T12:49:31","modified_gmt":"2026-04-27T12:49:31","slug":"cumhurbaskani-erdogan-dunya-keskin-bir-donusumden-geciyor","status":"publish","type":"post","link":"https:\/\/eskigazeteci.com\/?p=29606","title":{"rendered":"Cumhurba\u015fkan\u0131 Erdo\u011fan: D\u00fcnya keskin bir d\u00f6n\u00fc\u015f\u00fcmden ge\u00e7iyor"},"content":{"rendered":"<p>Cumhurba\u015fkan\u0131 Recep Tayyip Erdo\u011fan&#x27;\u0131n programdaki konu\u015fmas\u0131ndan sat\u0131r ba\u015flar\u0131 \u015funlar oldu:<\/p>\n<p>Say\u0131n genel sekreter, bakanlar, uluslararas\u0131 kurulu\u015flar\u0131n de\u011ferli temsilcileri sizleri h\u00fcrmetle selaml\u0131yorum. Zirve m\u00fcnasebeti ile sizleri k\u0131talar\u0131n bulu\u015fma noktas\u0131 olan \u0130stanbul&#x27;da a\u011f\u0131rlamaktan memnuniyet duyuyorum. Sizleri misafir etmek, b\u00f6yle bir zirveye ev sahipli\u011fi yapmak gurur vesilesidir. Misafirlerimize \u015fahs\u0131m milletim ad\u0131na \u015f\u00fckranlar\u0131m\u0131 sunuyorum.<\/p>\n<p>&quot;DE\u011e\u0130\u015e\u0130M DALGASINI DURDURMAK M\u00dcMK\u00dcN DE\u011e\u0130L&quot;<\/p>\n<p>Sizlerin de takip etti\u011fi \u00fczere d\u00fcnya teknoloji ve yapay zeka \u00f6nc\u00fcl\u00fc\u011f\u00fcnde keskin bir d\u00f6n\u00fc\u015f\u00fcm ya\u015f\u0131yor. Bunun insanl\u0131\u011fa neler kazand\u0131r\u0131p neler kaybettirdi\u011finin hesab\u0131n\u0131 akademisyenlerimiz yapmakta ama bu de\u011fi\u015fim dalgas\u0131n\u0131 durdurmak m\u00fcmk\u00fcn de\u011fil. De\u011fi\u015fimi sa\u011fl\u0131kl\u0131 \u015fekilde y\u00f6netmek bizim elimizde. Bu biz karar al\u0131c\u0131lar\u0131n asli vazifelerinden biridir. Bu zirvenin beceriler alan\u0131nda k\u00fcresel diyalog i\u00e7in g\u00fc\u00e7l\u00fc zemin olu\u015fturacakt\u0131r. \u0130stihdam alan\u0131nda ezberlerin bozuldu\u011funa \u015fahit oluyoruz. Teknolojideki geli\u015fime paralel olarak \u00fcretim i\u00e7imleri de\u011fi\u015fiyor, yeni i\u015f alanlar\u0131 ortaya \u00e7\u0131k\u0131yor. \u00dclkelerin ba\u015far\u0131s\u0131n\u0131 belirleyecek unsurun insani becerilerin olaca\u011f\u0131 anla\u015f\u0131l\u0131yor.<\/p>\n<p>&quot;ROBOT\u0130K TEKNOLOJ\u0130LER \u00c7E\u015e\u0130TL\u0130&#8230;<\/p>\n","protected":false},"excerpt":{"rendered":"<p>Cumhurba\u015fkan\u0131 Recep Tayyip Erdo\u011fan, Hali\u00e7 Kongre Merkezi&#8217;nde ger\u00e7ekle\u015fen OECD Beceriler Zirvesi&#8217;nde a\u00e7\u0131klamalarda bulundu. Teknolojik geli\u015fimlerin i\u015f&#8230;<\/p>\n","protected":false},"author":2,"featured_media":29605,"comment_status":"open","ping_status":"open","sticky":false,"template":"","format":"standard","meta":{"footnotes":""},"categories":[8,6,5],"tags":[],"class_list":["post-29606","post","type-post","status-publish","format-standard","has-post-thumbnail","hentry","category-arsiv","category-gundem","category-son-dakika"],"_links":{"self":[{"href":"https:\/\/eskigazeteci.com\/index.php?rest_route=\/wp\/v2\/posts\/29606","targetHints":{"allow":["GET"]}}],"collection":[{"href":"https:\/\/eskigazeteci.com\/index.php?rest_route=\/wp\/v2\/posts"}],"about":[{"href":"https:\/\/eskigazeteci.com\/index.php?rest_route=\/wp\/v2\/types\/post"}],"author":[{"embeddable":true,"href":"https:\/\/eskigazeteci.com\/index.php?rest_route=\/wp\/v2\/users\/2"}],"replies":[{"embeddable":true,"href":"https:\/\/eskigazeteci.com\/index.php?rest_route=%2Fwp%2Fv2%2Fcomments&post=29606"}],"version-history":[{"count":0,"href":"https:\/\/eskigazeteci.com\/index.php?rest_route=\/wp\/v2\/posts\/29606\/revisions"}],"wp:featuredmedia":[{"embeddable":true,"href":"https:\/\/eskigazeteci.com\/index.php?rest_route=\/wp\/v2\/media\/29605"}],"wp:attachment":[{"href":"https:\/\/eskigazeteci.com\/index.php?rest_route=%2Fwp%2Fv2%2Fmedia&parent=29606"}],"wp:term":[{"taxonomy":"category","embeddable":true,"href":"https:\/\/eskigazeteci.com\/index.php?rest_route=%2Fwp%2Fv2%2Fcategories&post=29606"},{"taxonomy":"post_tag","embeddable":true,"href":"https:\/\/eskigazeteci.com\/index.php?rest_route=%2Fwp%2Fv2%2Ftags&post=29606"}],"curies":[{"name":"wp","href":"https:\/\/api.w.org\/{rel}","templated":true}]}}