{"id":296,"date":"2026-02-09T10:53:32","date_gmt":"2026-02-09T10:53:32","guid":{"rendered":"https:\/\/eskigazeteci.com\/?p=296"},"modified":"2026-02-09T10:53:32","modified_gmt":"2026-02-09T10:53:32","slug":"haber-123","status":"publish","type":"post","link":"https:\/\/eskigazeteci.com\/?p=296","title":{"rendered":"Haber"},"content":{"rendered":"<p>Olay, saat 11.00 s\u0131ralar\u0131nda Y\u0131ld\u0131r\u0131m il\u00e7esi Fidyek\u0131z\u0131k Mahallesi\u2019nde meydana geldi. F\u0131rat \u00c7., ablas\u0131n\u0131n e\u015fi Alperen \u015eahin&#x27;le sokakta kar\u015f\u0131la\u015ft\u0131. \u0130ddiaya g\u00f6re, ailevi konular nedeniyle ikili aras\u0131nda tart\u0131\u015fma \u00e7\u0131kt\u0131.<\/p>\n<p>HASTANEDE HAYATINI KAYBETT\u0130 Daha sonra F\u0131rat \u00c7., yan\u0131ndaki tabancayla eni\u015ftesine ate\u015f a\u00e7t\u0131. 8 kur\u015funun isabet etti\u011fi \u015eahin yaralan\u0131rken, ihbarla olay yerine polis ve sa\u011fl\u0131k ekipleri sevk edildi.<\/p>\n<p>Alperen \u015eahin, yap\u0131lan ilk m\u00fcdahalesinin ard\u0131ndan kald\u0131r\u0131ld\u0131\u011f\u0131 Bursa Y\u00fcksek \u0130htisas E\u011fitim ve Ara\u015ft\u0131rma Hastanesi&#x27;nde kurtar\u0131lamad\u0131.<\/p>\n<p>F\u0131rat \u00c7., polis ekipleri taraf\u0131ndan g\u00f6zalt\u0131na al\u0131n\u0131rken, olayla ilgili soru\u015fturma ba\u015flat\u0131ld\u0131.<\/p>\n<p>T\u00fcrkiye g\u00fcndeminden son dakika haberleri, bug\u00fcn ya\u015fanan en son geli\u015fmeler, siyaset g\u00fcndeminden g\u00fcncel haberler ve b\u00fct\u00fcn son dakika haberleri i\u00e7in H\u00fcrriyet&#x27;in internet haber sitesi hurriyet.com.tr; Hurriyet.com.tr haber i\u00e7erikleri kaynak g\u00f6sterilmeden al\u0131nt\u0131 yap\u0131lamaz, Kanuna ayk\u0131r\u0131 ve izinsiz olarak kopyalanamaz, ba\u015fka yerde yay\u0131nlanamaz.<\/p>\n","protected":false},"excerpt":{"rendered":"<p>Bursa&#8217;da F\u0131rat \u00c7. (25), sokakta kar\u015f\u0131la\u015f\u0131p tart\u0131\u015ft\u0131\u011f\u0131 eni\u015ftesi Alperen \u015eahin&#8217;i (30) tabancayla 8 yerinden vurarak \u00f6ld\u00fcrd\u00fc.<\/p>\n","protected":false},"author":2,"featured_media":295,"comment_status":"open","ping_status":"open","sticky":false,"template":"","format":"standard","meta":{"footnotes":""},"categories":[8,3],"tags":[],"class_list":["post-296","post","type-post","status-publish","format-standard","has-post-thumbnail","hentry","category-arsiv","category-siyaset"],"_links":{"self":[{"href":"https:\/\/eskigazeteci.com\/index.php?rest_route=\/wp\/v2\/posts\/296","targetHints":{"allow":["GET"]}}],"collection":[{"href":"https:\/\/eskigazeteci.com\/index.php?rest_route=\/wp\/v2\/posts"}],"about":[{"href":"https:\/\/eskigazeteci.com\/index.php?rest_route=\/wp\/v2\/types\/post"}],"author":[{"embeddable":true,"href":"https:\/\/eskigazeteci.com\/index.php?rest_route=\/wp\/v2\/users\/2"}],"replies":[{"embeddable":true,"href":"https:\/\/eskigazeteci.com\/index.php?rest_route=%2Fwp%2Fv2%2Fcomments&post=296"}],"version-history":[{"count":0,"href":"https:\/\/eskigazeteci.com\/index.php?rest_route=\/wp\/v2\/posts\/296\/revisions"}],"wp:featuredmedia":[{"embeddable":true,"href":"https:\/\/eskigazeteci.com\/index.php?rest_route=\/wp\/v2\/media\/295"}],"wp:attachment":[{"href":"https:\/\/eskigazeteci.com\/index.php?rest_route=%2Fwp%2Fv2%2Fmedia&parent=296"}],"wp:term":[{"taxonomy":"category","embeddable":true,"href":"https:\/\/eskigazeteci.com\/index.php?rest_route=%2Fwp%2Fv2%2Fcategories&post=296"},{"taxonomy":"post_tag","embeddable":true,"href":"https:\/\/eskigazeteci.com\/index.php?rest_route=%2Fwp%2Fv2%2Ftags&post=296"}],"curies":[{"name":"wp","href":"https:\/\/api.w.org\/{rel}","templated":true}]}}