{"id":29576,"date":"2026-04-27T12:01:49","date_gmt":"2026-04-27T12:01:49","guid":{"rendered":"https:\/\/eskigazeteci.com\/?p=29576"},"modified":"2026-04-27T12:01:49","modified_gmt":"2026-04-27T12:01:49","slug":"kemence-dogaclamayla-bulusuyor","status":"publish","type":"post","link":"https:\/\/eskigazeteci.com\/?p=29576","title":{"rendered":"Kemen\u00e7e do\u011fa\u00e7lamayla bulu\u015fuyor"},"content":{"rendered":"<p>TRT M\u00fczik\u2019te yay\u0131nlanan \u201c\u00dcmit Y\u0131lmaz ile Do\u011fa\u00e7lama\u201d bu ak\u015fam saat 20.00\u2019de be\u015finci b\u00f6l\u00fcm\u00fcyle ekrana gelecek.<\/p>\n","protected":false},"excerpt":{"rendered":"<p>TRT M\u00fczik\u2019te yay\u0131nlanan \u201c\u00dcmit Y\u0131lmaz ile Do\u011fa\u00e7lama\u201d bu ak\u015fam saat 20.00\u2019de be\u015finci b\u00f6l\u00fcm\u00fcyle ekrana gelecek.<\/p>\n","protected":false},"author":2,"featured_media":29575,"comment_status":"open","ping_status":"open","sticky":false,"template":"","format":"standard","meta":{"footnotes":""},"categories":[8,6,5],"tags":[],"class_list":["post-29576","post","type-post","status-publish","format-standard","has-post-thumbnail","hentry","category-arsiv","category-gundem","category-son-dakika"],"_links":{"self":[{"href":"https:\/\/eskigazeteci.com\/index.php?rest_route=\/wp\/v2\/posts\/29576","targetHints":{"allow":["GET"]}}],"collection":[{"href":"https:\/\/eskigazeteci.com\/index.php?rest_route=\/wp\/v2\/posts"}],"about":[{"href":"https:\/\/eskigazeteci.com\/index.php?rest_route=\/wp\/v2\/types\/post"}],"author":[{"embeddable":true,"href":"https:\/\/eskigazeteci.com\/index.php?rest_route=\/wp\/v2\/users\/2"}],"replies":[{"embeddable":true,"href":"https:\/\/eskigazeteci.com\/index.php?rest_route=%2Fwp%2Fv2%2Fcomments&post=29576"}],"version-history":[{"count":0,"href":"https:\/\/eskigazeteci.com\/index.php?rest_route=\/wp\/v2\/posts\/29576\/revisions"}],"wp:featuredmedia":[{"embeddable":true,"href":"https:\/\/eskigazeteci.com\/index.php?rest_route=\/wp\/v2\/media\/29575"}],"wp:attachment":[{"href":"https:\/\/eskigazeteci.com\/index.php?rest_route=%2Fwp%2Fv2%2Fmedia&parent=29576"}],"wp:term":[{"taxonomy":"category","embeddable":true,"href":"https:\/\/eskigazeteci.com\/index.php?rest_route=%2Fwp%2Fv2%2Fcategories&post=29576"},{"taxonomy":"post_tag","embeddable":true,"href":"https:\/\/eskigazeteci.com\/index.php?rest_route=%2Fwp%2Fv2%2Ftags&post=29576"}],"curies":[{"name":"wp","href":"https:\/\/api.w.org\/{rel}","templated":true}]}}