{"id":29574,"date":"2026-04-27T11:51:45","date_gmt":"2026-04-27T11:51:45","guid":{"rendered":"https:\/\/eskigazeteci.com\/?p=29574"},"modified":"2026-04-27T11:51:45","modified_gmt":"2026-04-27T11:51:45","slug":"tcmb-baskani-karahandan-net-mesaj-siki-para-politikasi-surecek","status":"publish","type":"post","link":"https:\/\/eskigazeteci.com\/?p=29574","title":{"rendered":"TCMB Ba\u015fkan\u0131 Karahan\u2019dan net mesaj: S\u0131k\u0131 para politikas\u0131 s\u00fcrecek"},"content":{"rendered":"<p>Karahan, TCMB\u2019nin dezenflasyon s\u00fcrecini desteklemek amac\u0131yla s\u0131k\u0131 para politikas\u0131 ve makroihtiyati tedbirleri kararl\u0131l\u0131kla uygulamaya devam edece\u011fini bildirdi.<\/p>\n<p>Karahan&#x27;\u0131n TCMB 94. Ola\u011fan Genel Kurul Toplant\u0131s\u0131&#x27;nda yapt\u0131\u011f\u0131 konu\u015fma \u015f\u00f6yle:<\/p>\n<p>Genel Kurul&#x27;da g\u00f6r\u00fc\u015fece\u011fimiz g\u00fcndem maddelerine ge\u00e7meden \u00f6nce 2025 y\u0131l\u0131n\u0131n ba\u015f\u0131ndan g\u00fcn\u00fcm\u00fcze kadar makroekonomik geli\u015fmeleri \u00f6zetleyece\u011fim. Daha sonra para politikas\u0131 uygulamalar\u0131m\u0131zdan ve son d\u00f6nemde jeopolitik geli\u015fmelerin piyasalara olan etkisini s\u0131n\u0131rlamak amac\u0131yla ald\u0131\u011f\u0131m\u0131z tedbirlerden bahsedece\u011fim. Konu\u015fmam\u0131n son b\u00f6l\u00fcm\u00fcnde ise k\u0131saca 2025 y\u0131l\u0131ndaki kurumsal faaliyetlerimize de\u011finece\u011fim.<\/p>\n<p>Fiyat istikrar\u0131, s\u00fcrd\u00fcr\u00fclebilir b\u00fcy\u00fcme ve toplumsal refah art\u0131\u015f\u0131 i\u00e7in bir \u00f6n ko\u015fuldur. T\u00fcrkiye Cumhuriyet Merkez Bankas\u0131 olarak misyonumuz, s\u00fcrd\u00fcr\u00fclebilir fiyat istikrar\u0131n\u0131 sa\u011flayarak ve finansal istikrar\u0131 destekleyerek toplumsal refaha katk\u0131da bulunmakt\u0131r. Biz de Merkez Bankas\u0131 olarak politikalar\u0131m\u0131z\u0131 bu hedef do\u011frultusunda \u015fekillendiriyoruz. 2025 y\u0131l\u0131ndaki faaliyetlerimizi de dezenflasyon s\u00fcrecini s\u00fcrd\u00fcrecek ve kal\u0131c\u0131 hale getirecek \u015fekilde y\u00fcr\u00fctt\u00fck.<\/p>\n<p>2025 y\u0131l\u0131nda k\u00fcresel ekonomi a\u00e7\u0131s\u0131ndan en belirgin unsur, uzayan belirsizlik ortam\u0131 oldu. Bu durum y\u0131l&#8230;<\/p>\n","protected":false},"excerpt":{"rendered":"<p>T\u00fcrkiye Cumhuriyet Merkez Bankas\u0131 (TCMB) Ba\u015fkan\u0131 Fatih Karahan, dezenflasyon s\u00fcrecinin kararl\u0131l\u0131kla s\u00fcrd\u00fcr\u00fclece\u011fini belirterek, fiyat istikrar\u0131 hedefi&#8230;<\/p>\n","protected":false},"author":2,"featured_media":29573,"comment_status":"open","ping_status":"open","sticky":false,"template":"","format":"standard","meta":{"footnotes":""},"categories":[8,6,5],"tags":[],"class_list":["post-29574","post","type-post","status-publish","format-standard","has-post-thumbnail","hentry","category-arsiv","category-gundem","category-son-dakika"],"_links":{"self":[{"href":"https:\/\/eskigazeteci.com\/index.php?rest_route=\/wp\/v2\/posts\/29574","targetHints":{"allow":["GET"]}}],"collection":[{"href":"https:\/\/eskigazeteci.com\/index.php?rest_route=\/wp\/v2\/posts"}],"about":[{"href":"https:\/\/eskigazeteci.com\/index.php?rest_route=\/wp\/v2\/types\/post"}],"author":[{"embeddable":true,"href":"https:\/\/eskigazeteci.com\/index.php?rest_route=\/wp\/v2\/users\/2"}],"replies":[{"embeddable":true,"href":"https:\/\/eskigazeteci.com\/index.php?rest_route=%2Fwp%2Fv2%2Fcomments&post=29574"}],"version-history":[{"count":0,"href":"https:\/\/eskigazeteci.com\/index.php?rest_route=\/wp\/v2\/posts\/29574\/revisions"}],"wp:featuredmedia":[{"embeddable":true,"href":"https:\/\/eskigazeteci.com\/index.php?rest_route=\/wp\/v2\/media\/29573"}],"wp:attachment":[{"href":"https:\/\/eskigazeteci.com\/index.php?rest_route=%2Fwp%2Fv2%2Fmedia&parent=29574"}],"wp:term":[{"taxonomy":"category","embeddable":true,"href":"https:\/\/eskigazeteci.com\/index.php?rest_route=%2Fwp%2Fv2%2Fcategories&post=29574"},{"taxonomy":"post_tag","embeddable":true,"href":"https:\/\/eskigazeteci.com\/index.php?rest_route=%2Fwp%2Fv2%2Ftags&post=29574"}],"curies":[{"name":"wp","href":"https:\/\/api.w.org\/{rel}","templated":true}]}}