{"id":29572,"date":"2026-04-27T11:43:20","date_gmt":"2026-04-27T11:43:20","guid":{"rendered":"https:\/\/eskigazeteci.com\/?p=29572"},"modified":"2026-04-27T11:43:20","modified_gmt":"2026-04-27T11:43:20","slug":"denizlide-dehset-sevgilisinin-eski-esini-oldurdu","status":"publish","type":"post","link":"https:\/\/eskigazeteci.com\/?p=29572","title":{"rendered":"Denizli&#8217;de deh\u015fet! Sevgilisinin eski e\u015fini \u00f6ld\u00fcrd\u00fc"},"content":{"rendered":"<p>Olay, d\u00fcn ak\u015fam saatlerinde Merkezefendi il\u00e7esi Karaman Mahallesi&#x27;nde meydana geldi. Aralar\u0131nda husumet bulunan \u00c7a\u011flar E. ile k\u0131z arkada\u015f\u0131n\u0131n eski e\u015fi \u0130smail \u0130ri, yolda kar\u015f\u0131la\u015ft\u0131. Taraflar aras\u0131nda hen\u00fcz belirlenemeyen bir nedenle tart\u0131\u015fma \u00e7\u0131kt\u0131.<\/p>\n<p>Tart\u0131\u015fman\u0131n kavgaya d\u00f6n\u00fc\u015fmesi ile \u00c7a\u011flar E., yan\u0131ndaki b\u0131\u00e7akla \u0130ri\u2019yi s\u0131rt\u0131ndan 3 b\u0131\u00e7ak darbesiyle yaralad\u0131. \u00c7evredekilerin ihbar\u0131yla olay yerine sa\u011fl\u0131k ve polis ekipleri sevk edildi. Sa\u011fl\u0131k ekiplerince ilk m\u00fcdahalesi yap\u0131lan \u0130ri, ambulansla hastaneye kald\u0131r\u0131ld\u0131. Hastanede tedavi alt\u0131na al\u0131nan \u0130ri, kurtar\u0131lamad\u0131.<\/p>\n<p>Denizli \u0130l Emniyet M\u00fcd\u00fcrl\u00fc\u011f\u00fc Asayi\u015f \u015eube M\u00fcd\u00fcrl\u00fc\u011f\u00fc Cinayet B\u00fcro Amirli\u011fi ekipleri, olay\u0131n ard\u0131ndan ka\u00e7an \u015f\u00fcpheliyi yakalamak i\u00e7in \u00e7al\u0131\u015fma ba\u015flatt\u0131. \u00c7a\u011flar E., polis ekiplerince k\u0131sa s\u00fcrede su\u00e7 aleti b\u0131\u00e7akla birlikte yakaland\u0131.<\/p>\n<p>Olayla ilgili soru\u015fturma s\u00fcr\u00fcyor.<\/p>\n<p>T\u00fcrkiye g\u00fcndeminden son dakika haberleri, bug\u00fcn ya\u015fanan en son geli\u015fmeler, siyaset g\u00fcndeminden g\u00fcncel haberler ve b\u00fct\u00fcn son dakika haberleri i\u00e7in H\u00fcrriyet&#x27;in internet haber sitesi hurriyet.com.tr; Hurriyet.com.tr haber i\u00e7erikleri kaynak g\u00f6sterilmeden al\u0131nt\u0131 yap\u0131lamaz, Kanuna ayk\u0131r\u0131 ve izinsiz olarak kopyalanamaz, ba\u015fka yerde yay\u0131nlanamaz.<\/p>\n","protected":false},"excerpt":{"rendered":"<p>Denizli&#8217;nin Merkezefendi il\u00e7esinde \u00c7a\u011flar E. (38), tart\u0131\u015ft\u0131\u011f\u0131 k\u0131z arkada\u015f\u0131n\u0131n eski e\u015fi \u0130smail \u0130ri&#8217;yi (43) s\u0131rt\u0131ndan b\u0131\u00e7aklayarak \u00f6ld\u00fcrd\u00fc.<\/p>\n","protected":false},"author":2,"featured_media":29571,"comment_status":"open","ping_status":"open","sticky":false,"template":"","format":"standard","meta":{"footnotes":""},"categories":[8,6,5],"tags":[],"class_list":["post-29572","post","type-post","status-publish","format-standard","has-post-thumbnail","hentry","category-arsiv","category-gundem","category-son-dakika"],"_links":{"self":[{"href":"https:\/\/eskigazeteci.com\/index.php?rest_route=\/wp\/v2\/posts\/29572","targetHints":{"allow":["GET"]}}],"collection":[{"href":"https:\/\/eskigazeteci.com\/index.php?rest_route=\/wp\/v2\/posts"}],"about":[{"href":"https:\/\/eskigazeteci.com\/index.php?rest_route=\/wp\/v2\/types\/post"}],"author":[{"embeddable":true,"href":"https:\/\/eskigazeteci.com\/index.php?rest_route=\/wp\/v2\/users\/2"}],"replies":[{"embeddable":true,"href":"https:\/\/eskigazeteci.com\/index.php?rest_route=%2Fwp%2Fv2%2Fcomments&post=29572"}],"version-history":[{"count":0,"href":"https:\/\/eskigazeteci.com\/index.php?rest_route=\/wp\/v2\/posts\/29572\/revisions"}],"wp:featuredmedia":[{"embeddable":true,"href":"https:\/\/eskigazeteci.com\/index.php?rest_route=\/wp\/v2\/media\/29571"}],"wp:attachment":[{"href":"https:\/\/eskigazeteci.com\/index.php?rest_route=%2Fwp%2Fv2%2Fmedia&parent=29572"}],"wp:term":[{"taxonomy":"category","embeddable":true,"href":"https:\/\/eskigazeteci.com\/index.php?rest_route=%2Fwp%2Fv2%2Fcategories&post=29572"},{"taxonomy":"post_tag","embeddable":true,"href":"https:\/\/eskigazeteci.com\/index.php?rest_route=%2Fwp%2Fv2%2Ftags&post=29572"}],"curies":[{"name":"wp","href":"https:\/\/api.w.org\/{rel}","templated":true}]}}