{"id":29570,"date":"2026-04-27T11:41:46","date_gmt":"2026-04-27T11:41:46","guid":{"rendered":"https:\/\/eskigazeteci.com\/?p=29570"},"modified":"2026-04-27T11:41:46","modified_gmt":"2026-04-27T11:41:46","slug":"mayis-dolunayi-gunu-ve-saati-2026","status":"publish","type":"post","link":"https:\/\/eskigazeteci.com\/?p=29570","title":{"rendered":"MAYIS DOLUNAYI G\u00dcN\u00dc VE SAAT\u0130 2026"},"content":{"rendered":"<p>G\u00f6k olaylar\u0131 takvimine g\u00f6re dolunay, her ay ger\u00e7ekle\u015fiyor. May\u0131s ay\u0131 da yakla\u015f\u0131rken Dolunay g\u00fcn\u00fc ve saati de g\u00fcndeme geldi. Bu s\u00fcrecin bur\u00e7lar \u00fczerinde de baz\u0131 etkileri s\u00f6z konusu. May\u0131s dolunay\u0131 Akrep burcunda ger\u00e7ekle\u015fecek. Peki Dolunay ne zaman, hangi g\u00fcn?<\/p>\n<p>May\u0131s ay\u0131 dolunay\u0131, 1 May\u0131s 2026 Cuma g\u00fcn\u00fc ger\u00e7ekle\u015fecek. Akrep burcunda 11 derecede Dolunay, 20:24&#x27;te ger\u00e7ekle\u015fecek.<\/p>\n<p>5 May\u0131s: Ay, Yer\u2019e en uzak konumda 17 May\u0131s: Ay, Yer\u2019e en yak\u0131n konumda 19 May\u0131s: Ay ve Ven\u00fcs birbirlerine yak\u0131n g\u00f6r\u00fcn\u00fcmde 20 May\u0131s: Ay ve J\u00fcpiter birbirlerine yak\u0131n g\u00f6r\u00fcn\u00fcmde<\/p>\n<p>5 May\u0131s: Ay, Yer\u2019e en uzak konumda 17 May\u0131s: Ay, Yer\u2019e en yak\u0131n konumda 19 May\u0131s: Ay ve Ven\u00fcs birbirlerine yak\u0131n g\u00f6r\u00fcn\u00fcmde 20 May\u0131s: Ay ve J\u00fcpiter birbirlerine yak\u0131n g\u00f6r\u00fcn\u00fcmde<\/p>\n<p>T\u00fcrkiye&#x27;den ve D\u00fcnya\u2019dan son dakika haberleri, k\u00f6\u015fe yaz\u0131lar\u0131, magazinden siyasete, spordan seyahate b\u00fct\u00fcn konular\u0131n tek adresi Hurriyet.com.tr haber i\u00e7erikleri izin al\u0131nmadan, kaynak g\u00f6sterilerek dahi iktibas edilemez. Kanuna ayk\u0131r\u0131 ve izinsiz olarak kopyalanamaz, ba\u015fka yerde yay\u0131nlanamaz.<\/p>\n","protected":false},"excerpt":{"rendered":"<p>Dolunay, Ay&#8217;\u0131n G\u00fcne\u015f&#8217;e g\u00f6re D\u00fcnya&#8217;n\u0131n ters taraf\u0131nda kald\u0131\u011f\u0131 evresini ifade ediyor. Bununla birlikte Ay, bu evrede olduk\u00e7a parlak bir g\u00f6r\u00fcn\u00fcme kavu\u015fuyor&#8230;.<\/p>\n","protected":false},"author":2,"featured_media":29569,"comment_status":"open","ping_status":"open","sticky":false,"template":"","format":"standard","meta":{"footnotes":""},"categories":[8,6,5],"tags":[],"class_list":["post-29570","post","type-post","status-publish","format-standard","has-post-thumbnail","hentry","category-arsiv","category-gundem","category-son-dakika"],"_links":{"self":[{"href":"https:\/\/eskigazeteci.com\/index.php?rest_route=\/wp\/v2\/posts\/29570","targetHints":{"allow":["GET"]}}],"collection":[{"href":"https:\/\/eskigazeteci.com\/index.php?rest_route=\/wp\/v2\/posts"}],"about":[{"href":"https:\/\/eskigazeteci.com\/index.php?rest_route=\/wp\/v2\/types\/post"}],"author":[{"embeddable":true,"href":"https:\/\/eskigazeteci.com\/index.php?rest_route=\/wp\/v2\/users\/2"}],"replies":[{"embeddable":true,"href":"https:\/\/eskigazeteci.com\/index.php?rest_route=%2Fwp%2Fv2%2Fcomments&post=29570"}],"version-history":[{"count":0,"href":"https:\/\/eskigazeteci.com\/index.php?rest_route=\/wp\/v2\/posts\/29570\/revisions"}],"wp:featuredmedia":[{"embeddable":true,"href":"https:\/\/eskigazeteci.com\/index.php?rest_route=\/wp\/v2\/media\/29569"}],"wp:attachment":[{"href":"https:\/\/eskigazeteci.com\/index.php?rest_route=%2Fwp%2Fv2%2Fmedia&parent=29570"}],"wp:term":[{"taxonomy":"category","embeddable":true,"href":"https:\/\/eskigazeteci.com\/index.php?rest_route=%2Fwp%2Fv2%2Fcategories&post=29570"},{"taxonomy":"post_tag","embeddable":true,"href":"https:\/\/eskigazeteci.com\/index.php?rest_route=%2Fwp%2Fv2%2Ftags&post=29570"}],"curies":[{"name":"wp","href":"https:\/\/api.w.org\/{rel}","templated":true}]}}