{"id":29568,"date":"2026-04-27T11:31:44","date_gmt":"2026-04-27T11:31:44","guid":{"rendered":"https:\/\/eskigazeteci.com\/?p=29568"},"modified":"2026-04-27T11:31:44","modified_gmt":"2026-04-27T11:31:44","slug":"hakan-calhanoglu-soku-italyanlar-sakatligi-duyurdu","status":"publish","type":"post","link":"https:\/\/eskigazeteci.com\/?p=29568","title":{"rendered":"Hakan \u00c7alhano\u011flu \u015foku! \u0130talyanlar sakatl\u0131\u011f\u0131 duyurdu"},"content":{"rendered":"<p>A Milli futbol tak\u0131m\u0131m\u0131z\u0131n ve Inter&#x27;\u0131n y\u0131ld\u0131z orta saha oyuncusu Hakan \u00c7alhano\u011flu\u2019na dair sakatl\u0131k geli\u015fmesi ya\u015fand\u0131.<\/p>\n<p>\u0130talyan bas\u0131n\u0131nda yer alan habere g\u00f6re Hakan \u00c7alhano\u011flu sakatl\u0131\u011f\u0131 nedeniyle sezonu kapatt\u0131.<\/p>\n<p>NEDEN\u0130 BELL\u0130 OLDU<\/p>\n<p>Haberde, Hakan\u2019\u0131n kas yaralanmas\u0131 sebebiyle sahalardan uzak kalaca\u011f\u0131 ifade edildi.<\/p>\n<p>D\u00dcNYA KUPASI \u2019NA YETI\u015eECEK M\u0130?<\/p>\n<p>Bununla beraber Hakan\u2019\u0131n, D\u00fcnya Kupas\u0131 \u2019na yeti\u015fmesinin muhtemel g\u00f6z\u00fckt\u00fc\u011f\u00fc bilgisine yer verildi.<\/p>\n<p>T\u00fcrkiye&#x27;den ve D\u00fcnya\u2019dan son dakika haberleri, k\u00f6\u015fe yaz\u0131lar\u0131, magazinden siyasete, spordan seyahate b\u00fct\u00fcn konular\u0131n tek adresi Hurriyet.com.tr haber i\u00e7erikleri izin al\u0131nmadan, kaynak g\u00f6sterilerek dahi iktibas edilemez. Kanuna ayk\u0131r\u0131 ve izinsiz olarak kopyalanamaz, ba\u015fka yerde yay\u0131nlanamaz.<\/p>\n","protected":false},"excerpt":{"rendered":"<p>Inter&#8217;in ve A Milli Tak\u0131m&#8217;\u0131m\u0131z\u0131n y\u0131ld\u0131z\u0131 Hakan \u00c7alhano\u011flu ile ilgili sakatl\u0131k haberi geldi.<\/p>\n","protected":false},"author":2,"featured_media":29567,"comment_status":"open","ping_status":"open","sticky":false,"template":"","format":"standard","meta":{"footnotes":""},"categories":[8,5,7],"tags":[],"class_list":["post-29568","post","type-post","status-publish","format-standard","has-post-thumbnail","hentry","category-arsiv","category-son-dakika","category-spor"],"_links":{"self":[{"href":"https:\/\/eskigazeteci.com\/index.php?rest_route=\/wp\/v2\/posts\/29568","targetHints":{"allow":["GET"]}}],"collection":[{"href":"https:\/\/eskigazeteci.com\/index.php?rest_route=\/wp\/v2\/posts"}],"about":[{"href":"https:\/\/eskigazeteci.com\/index.php?rest_route=\/wp\/v2\/types\/post"}],"author":[{"embeddable":true,"href":"https:\/\/eskigazeteci.com\/index.php?rest_route=\/wp\/v2\/users\/2"}],"replies":[{"embeddable":true,"href":"https:\/\/eskigazeteci.com\/index.php?rest_route=%2Fwp%2Fv2%2Fcomments&post=29568"}],"version-history":[{"count":0,"href":"https:\/\/eskigazeteci.com\/index.php?rest_route=\/wp\/v2\/posts\/29568\/revisions"}],"wp:featuredmedia":[{"embeddable":true,"href":"https:\/\/eskigazeteci.com\/index.php?rest_route=\/wp\/v2\/media\/29567"}],"wp:attachment":[{"href":"https:\/\/eskigazeteci.com\/index.php?rest_route=%2Fwp%2Fv2%2Fmedia&parent=29568"}],"wp:term":[{"taxonomy":"category","embeddable":true,"href":"https:\/\/eskigazeteci.com\/index.php?rest_route=%2Fwp%2Fv2%2Fcategories&post=29568"},{"taxonomy":"post_tag","embeddable":true,"href":"https:\/\/eskigazeteci.com\/index.php?rest_route=%2Fwp%2Fv2%2Ftags&post=29568"}],"curies":[{"name":"wp","href":"https:\/\/api.w.org\/{rel}","templated":true}]}}