{"id":29564,"date":"2026-04-27T11:11:20","date_gmt":"2026-04-27T11:11:20","guid":{"rendered":"https:\/\/eskigazeteci.com\/?p=29564"},"modified":"2026-04-27T11:11:20","modified_gmt":"2026-04-27T11:11:20","slug":"ankarada-sosyal-medya-platformlarin-cikmaya-devam","status":"publish","type":"post","link":"https:\/\/eskigazeteci.com\/?p=29564","title":{"rendered":"Ankara&#8217;da Sosyal Medya Platformlarin \u00c7\u0131kmaya Devam"},"content":{"rendered":"<p>Ankara&#x27;da Sosyal Medya Platformlar\u0131n \u00c7\u0131kmaya Devam\u4f1a\u8bae\u4e0a\uff0c\u571f\u8033\u5176\u7684\u56fd\u9645\u793e\u4ea4\u5a92\u4f53\u516c\u53f8\u8ba8\u8bba\u4e86\u5176\u529e\u516c\u5927\u697c\u5468\u56f4\u5e73\u53f0\u62c6\u9664\u9879\u76ee\u8fdb\u5c55\u3002<\/p>\n","protected":false},"excerpt":{"rendered":"<p>T\u00fcrkiye&#8217;nin Uluslararas\u0131 Sosyal Medya \u0130\u015fletmeleri&#8217;nin binan\u0131n \u00f6n\u00fcndeki platformlarin y\u0131k\u0131m \u00e7al\u0131\u015fmalar\u0131n\u0131n son a\u015famas\u0131nda bir \u00e7\u0131\u011fl\u0131k geldi.<\/p>\n","protected":false},"author":2,"featured_media":29563,"comment_status":"open","ping_status":"open","sticky":false,"template":"","format":"standard","meta":{"footnotes":""},"categories":[8,6,5],"tags":[],"class_list":["post-29564","post","type-post","status-publish","format-standard","has-post-thumbnail","hentry","category-arsiv","category-gundem","category-son-dakika"],"_links":{"self":[{"href":"https:\/\/eskigazeteci.com\/index.php?rest_route=\/wp\/v2\/posts\/29564","targetHints":{"allow":["GET"]}}],"collection":[{"href":"https:\/\/eskigazeteci.com\/index.php?rest_route=\/wp\/v2\/posts"}],"about":[{"href":"https:\/\/eskigazeteci.com\/index.php?rest_route=\/wp\/v2\/types\/post"}],"author":[{"embeddable":true,"href":"https:\/\/eskigazeteci.com\/index.php?rest_route=\/wp\/v2\/users\/2"}],"replies":[{"embeddable":true,"href":"https:\/\/eskigazeteci.com\/index.php?rest_route=%2Fwp%2Fv2%2Fcomments&post=29564"}],"version-history":[{"count":0,"href":"https:\/\/eskigazeteci.com\/index.php?rest_route=\/wp\/v2\/posts\/29564\/revisions"}],"wp:featuredmedia":[{"embeddable":true,"href":"https:\/\/eskigazeteci.com\/index.php?rest_route=\/wp\/v2\/media\/29563"}],"wp:attachment":[{"href":"https:\/\/eskigazeteci.com\/index.php?rest_route=%2Fwp%2Fv2%2Fmedia&parent=29564"}],"wp:term":[{"taxonomy":"category","embeddable":true,"href":"https:\/\/eskigazeteci.com\/index.php?rest_route=%2Fwp%2Fv2%2Fcategories&post=29564"},{"taxonomy":"post_tag","embeddable":true,"href":"https:\/\/eskigazeteci.com\/index.php?rest_route=%2Fwp%2Fv2%2Ftags&post=29564"}],"curies":[{"name":"wp","href":"https:\/\/api.w.org\/{rel}","templated":true}]}}