{"id":29562,"date":"2026-04-27T11:02:14","date_gmt":"2026-04-27T11:02:14","guid":{"rendered":"https:\/\/eskigazeteci.com\/?p=29562"},"modified":"2026-04-27T11:02:14","modified_gmt":"2026-04-27T11:02:14","slug":"besiktas-oteli-yangin-panigi","status":"publish","type":"post","link":"https:\/\/eskigazeteci.com\/?p=29562","title":{"rendered":"Be\u015fikta\u015f Oteli Yang\u0131n Pani\u011fi"},"content":{"rendered":"<p>Be\u015fikta\u015f&#x27;da bulunan 20 katl\u0131 otelde k\u00fc\u00e7\u00fck \u00e7apl\u0131 yang\u0131n \u00e7\u0131kt\u0131. \u0130hbar \u00fczerine olay yerine itfaiye ve sa\u011fl\u0131k ekibi sevk edildi. Oteldeki baz\u0131 ki\u015filer panikle\u015ftirdi.<\/p>\n","protected":false},"excerpt":{"rendered":"<p>20 katl\u0131 otelde yang\u0131n \u00e7\u0131kt\u0131.<\/p>\n","protected":false},"author":2,"featured_media":29561,"comment_status":"open","ping_status":"open","sticky":false,"template":"","format":"standard","meta":{"footnotes":""},"categories":[8,6,5],"tags":[],"class_list":["post-29562","post","type-post","status-publish","format-standard","has-post-thumbnail","hentry","category-arsiv","category-gundem","category-son-dakika"],"_links":{"self":[{"href":"https:\/\/eskigazeteci.com\/index.php?rest_route=\/wp\/v2\/posts\/29562","targetHints":{"allow":["GET"]}}],"collection":[{"href":"https:\/\/eskigazeteci.com\/index.php?rest_route=\/wp\/v2\/posts"}],"about":[{"href":"https:\/\/eskigazeteci.com\/index.php?rest_route=\/wp\/v2\/types\/post"}],"author":[{"embeddable":true,"href":"https:\/\/eskigazeteci.com\/index.php?rest_route=\/wp\/v2\/users\/2"}],"replies":[{"embeddable":true,"href":"https:\/\/eskigazeteci.com\/index.php?rest_route=%2Fwp%2Fv2%2Fcomments&post=29562"}],"version-history":[{"count":0,"href":"https:\/\/eskigazeteci.com\/index.php?rest_route=\/wp\/v2\/posts\/29562\/revisions"}],"wp:featuredmedia":[{"embeddable":true,"href":"https:\/\/eskigazeteci.com\/index.php?rest_route=\/wp\/v2\/media\/29561"}],"wp:attachment":[{"href":"https:\/\/eskigazeteci.com\/index.php?rest_route=%2Fwp%2Fv2%2Fmedia&parent=29562"}],"wp:term":[{"taxonomy":"category","embeddable":true,"href":"https:\/\/eskigazeteci.com\/index.php?rest_route=%2Fwp%2Fv2%2Fcategories&post=29562"},{"taxonomy":"post_tag","embeddable":true,"href":"https:\/\/eskigazeteci.com\/index.php?rest_route=%2Fwp%2Fv2%2Ftags&post=29562"}],"curies":[{"name":"wp","href":"https:\/\/api.w.org\/{rel}","templated":true}]}}