{"id":29560,"date":"2026-04-27T11:01:41","date_gmt":"2026-04-27T11:01:41","guid":{"rendered":"https:\/\/eskigazeteci.com\/?p=29560"},"modified":"2026-04-27T11:01:41","modified_gmt":"2026-04-27T11:01:41","slug":"bakan-simsekten-vergi-indirimi-aciklamasi","status":"publish","type":"post","link":"https:\/\/eskigazeteci.com\/?p=29560","title":{"rendered":"Bakan \u015eim\u015fek&#8217;ten vergi indirimi a\u00e7\u0131klamas\u0131"},"content":{"rendered":"<p>\u015eim\u015fek, Cumhurba\u015fkan\u0131 Recep Tayyip Erdo\u011fan taraf\u0131ndan kamuoyuna duyurulan &quot;T\u00fcrkiye Y\u00fczy\u0131l\u0131: Yat\u0131r\u0131m \u0130\u00e7in G\u00fc\u00e7l\u00fc Merkez&quot; vizyonu kapsam\u0131nda, Cumhurba\u015fkan\u0131 Yard\u0131mc\u0131s\u0131 Cevdet Y\u0131lmaz ba\u015fkanl\u0131\u011f\u0131nda Cumhurba\u015fkanl\u0131\u011f\u0131 K\u00fclliyesi&#x27;nde ger\u00e7ekle\u015ftirilen bas\u0131n toplant\u0131s\u0131nda sunum yapt\u0131.<\/p>\n<p>2026&#x27;y\u0131 reform y\u0131l\u0131 olarak belirlediklerini ve kapsaml\u0131 yap\u0131sal ad\u0131mlar\u0131n g\u00fcndemlerinde oldu\u011funu vurgulayan \u015eim\u015fek, bunlar aras\u0131nda de\u011fer zincirini yukar\u0131 \u00e7\u0131karan sanayi d\u00f6n\u00fc\u015f\u00fcm\u00fc, ye\u015fil d\u00f6n\u00fc\u015f\u00fcm, dijital d\u00f6n\u00fc\u015f\u00fcm, demir yollar\u0131 gibi verimlili\u011fi art\u0131ran altyap\u0131 yat\u0131r\u0131mlar\u0131, vergi reformlar\u0131, kamu maliyesi ve y\u00f6neti\u015fim reformlar\u0131n\u0131n yer ald\u0131\u011f\u0131n\u0131 s\u00f6yledi.<\/p>\n<p>\u015eim\u015fek, ge\u00e7en hafta a\u00e7\u0131klanan paketin bunun ilk b\u00f6l\u00fcm\u00fcn\u00fc olu\u015fturdu\u011funa i\u015faret ederek, \u015f\u00f6yle konu\u015ftu:<\/p>\n<p>&quot;Paket kapsam\u0131nda daha fazla mal ve hizmet ihracat\u0131 yapmak, daha fazla yetenek, giri\u015fimci ve sermaye \u00e7ekmek, varl\u0131klar\u0131 \u00fclkeye geri getirmek, yurt d\u0131\u015f\u0131ndaki vatanda\u015flar\u0131m\u0131z\u0131 faaliyetlerinin merkezi olarak T\u00fcrkiye&#x27;yi kullanmaya daha fazla te\u015fvik etmek ve elbette \u0130stanbul Finans Merkezini b\u00f6lgenin \u00f6nemli merkezlerinden biri olarak konumland\u0131rmak hedeflerimiz aras\u0131nda bulunuyor. \u0130lk destek, transit ticarette s\u0131f\u0131r kurumlar vergisi. \u015eirket \u0130stanbul Finans Merkezinde&#8230;<\/p>\n","protected":false},"excerpt":{"rendered":"<p>Hazine ve Maliye Bakan\u0131 Mehmet \u015eim\u015fek, ihracat ve \u00fcretimi desteklemek amac\u0131yla kurumlar vergisinde \u00f6nemli indirimler yap\u0131ld\u0131\u011f\u0131n\u0131 s\u00f6yledi. \u015eim\u015fek, normal&#8230;<\/p>\n","protected":false},"author":2,"featured_media":29559,"comment_status":"open","ping_status":"open","sticky":false,"template":"","format":"standard","meta":{"footnotes":""},"categories":[8,6,5],"tags":[],"class_list":["post-29560","post","type-post","status-publish","format-standard","has-post-thumbnail","hentry","category-arsiv","category-gundem","category-son-dakika"],"_links":{"self":[{"href":"https:\/\/eskigazeteci.com\/index.php?rest_route=\/wp\/v2\/posts\/29560","targetHints":{"allow":["GET"]}}],"collection":[{"href":"https:\/\/eskigazeteci.com\/index.php?rest_route=\/wp\/v2\/posts"}],"about":[{"href":"https:\/\/eskigazeteci.com\/index.php?rest_route=\/wp\/v2\/types\/post"}],"author":[{"embeddable":true,"href":"https:\/\/eskigazeteci.com\/index.php?rest_route=\/wp\/v2\/users\/2"}],"replies":[{"embeddable":true,"href":"https:\/\/eskigazeteci.com\/index.php?rest_route=%2Fwp%2Fv2%2Fcomments&post=29560"}],"version-history":[{"count":0,"href":"https:\/\/eskigazeteci.com\/index.php?rest_route=\/wp\/v2\/posts\/29560\/revisions"}],"wp:featuredmedia":[{"embeddable":true,"href":"https:\/\/eskigazeteci.com\/index.php?rest_route=\/wp\/v2\/media\/29559"}],"wp:attachment":[{"href":"https:\/\/eskigazeteci.com\/index.php?rest_route=%2Fwp%2Fv2%2Fmedia&parent=29560"}],"wp:term":[{"taxonomy":"category","embeddable":true,"href":"https:\/\/eskigazeteci.com\/index.php?rest_route=%2Fwp%2Fv2%2Fcategories&post=29560"},{"taxonomy":"post_tag","embeddable":true,"href":"https:\/\/eskigazeteci.com\/index.php?rest_route=%2Fwp%2Fv2%2Ftags&post=29560"}],"curies":[{"name":"wp","href":"https:\/\/api.w.org\/{rel}","templated":true}]}}