{"id":29556,"date":"2026-04-27T10:51:40","date_gmt":"2026-04-27T10:51:40","guid":{"rendered":"https:\/\/eskigazeteci.com\/?p=29556"},"modified":"2026-04-27T10:51:40","modified_gmt":"2026-04-27T10:51:40","slug":"uefa-sampiyonlar-liginde-yari-final-heyecani-baslayacak","status":"publish","type":"post","link":"https:\/\/eskigazeteci.com\/?p=29556","title":{"rendered":"UEFA \u015eampiyonlar Ligi&#8217;nde yar\u0131 final heyecan\u0131 ba\u015flayacak!"},"content":{"rendered":"<p>Avrupa futbolunun kul\u00fcp d\u00fczeyindeki bir numaral\u0131 organizasyonunda yar\u0131 final ilk ma\u00e7lar\u0131, yar\u0131n ve 29 Nisan \u00c7ar\u015famba g\u00fcn\u00fc ba\u015flayacak.<\/p>\n<p>Organizasyonda Paris Saint-Germain, Bayern M\u00fcnih&#x27;i yar\u0131n 22.00&#x27;de konuk edecek.<\/p>\n<p>Atletico Madrid ise 29 Nisan \u00c7ar\u015famba g\u00fcn\u00fc 22.00&#x27;de Arsenal ile kar\u015f\u0131 kar\u015f\u0131ya gelecek.<\/p>\n<p>T\u00fcrkiye&#x27;den ve D\u00fcnya\u2019dan son dakika haberleri, k\u00f6\u015fe yaz\u0131lar\u0131, magazinden siyasete, spordan seyahate b\u00fct\u00fcn konular\u0131n tek adresi Hurriyet.com.tr haber i\u00e7erikleri izin al\u0131nmadan, kaynak g\u00f6sterilerek dahi iktibas edilemez. Kanuna ayk\u0131r\u0131 ve izinsiz olarak kopyalanamaz, ba\u015fka yerde yay\u0131nlanamaz.<\/p>\n","protected":false},"excerpt":{"rendered":"<p>UEFA \u015eampiyonlar Ligi&#8217;nde yar\u0131 final heyecan\u0131 yar\u0131n ba\u015flayacak.<\/p>\n","protected":false},"author":2,"featured_media":29555,"comment_status":"open","ping_status":"open","sticky":false,"template":"","format":"standard","meta":{"footnotes":""},"categories":[8,5,7],"tags":[],"class_list":["post-29556","post","type-post","status-publish","format-standard","has-post-thumbnail","hentry","category-arsiv","category-son-dakika","category-spor"],"_links":{"self":[{"href":"https:\/\/eskigazeteci.com\/index.php?rest_route=\/wp\/v2\/posts\/29556","targetHints":{"allow":["GET"]}}],"collection":[{"href":"https:\/\/eskigazeteci.com\/index.php?rest_route=\/wp\/v2\/posts"}],"about":[{"href":"https:\/\/eskigazeteci.com\/index.php?rest_route=\/wp\/v2\/types\/post"}],"author":[{"embeddable":true,"href":"https:\/\/eskigazeteci.com\/index.php?rest_route=\/wp\/v2\/users\/2"}],"replies":[{"embeddable":true,"href":"https:\/\/eskigazeteci.com\/index.php?rest_route=%2Fwp%2Fv2%2Fcomments&post=29556"}],"version-history":[{"count":0,"href":"https:\/\/eskigazeteci.com\/index.php?rest_route=\/wp\/v2\/posts\/29556\/revisions"}],"wp:featuredmedia":[{"embeddable":true,"href":"https:\/\/eskigazeteci.com\/index.php?rest_route=\/wp\/v2\/media\/29555"}],"wp:attachment":[{"href":"https:\/\/eskigazeteci.com\/index.php?rest_route=%2Fwp%2Fv2%2Fmedia&parent=29556"}],"wp:term":[{"taxonomy":"category","embeddable":true,"href":"https:\/\/eskigazeteci.com\/index.php?rest_route=%2Fwp%2Fv2%2Fcategories&post=29556"},{"taxonomy":"post_tag","embeddable":true,"href":"https:\/\/eskigazeteci.com\/index.php?rest_route=%2Fwp%2Fv2%2Ftags&post=29556"}],"curies":[{"name":"wp","href":"https:\/\/api.w.org\/{rel}","templated":true}]}}